{"id":1006,"date":"2019-11-12T17:00:43","date_gmt":"2019-11-12T17:00:43","guid":{"rendered":"https:\/\/kofe.hu\/parola\/?p=1006"},"modified":"2020-07-31T06:56:39","modified_gmt":"2020-07-31T06:56:39","slug":"koz-kozosseg-kozossegi-ter","status":"publish","type":"post","link":"https:\/\/kofe.hu\/parola\/parola-folyoirat\/koz-kozosseg-kozossegi-ter\/","title":{"rendered":"K\u00f6z \u2013 k\u00f6z\u00f6ss\u00e9g \u2013 k\u00f6z\u00f6ss\u00e9gi t\u00e9r"},"content":{"rendered":"<p>Mi t\u00f6rt\u00e9nt az elm\u00falt 30 \u00e9vben a k\u00f6z\u00f6ss\u00e9gi terek, azok <em>fenntart\u00f3i \u00e9s \u00fczemeltet\u0151i<\/em> k\u00f6r\u00e9ben?<a href=\"#_ftn1\" name=\"_ftnref1\"><strong>[1]<\/strong><\/a> A rendszerv\u00e1lt\u00e1st k\u00f6vet\u0151en <em>milyen m\u00f3dszerek, ir\u00e1nyok<\/em> form\u00e1l\u00f3dtak, melyek azok, amelyek gy\u00f6keret vertek, s mi\u00e9rt? Milyen <em>eredm\u00e9nyek \u00e9s buktat\u00f3k<\/em> jelentek meg az egyes mozgalmak h\u00e1za t\u00e1j\u00e1n? A kialak\u00edtott \u00e9s bevezetett strukt\u00far\u00e1kban milyen k\u00f6z\u00f6ss\u00e9gi, k\u00f6z\u00f6ss\u00e9gfejleszt\u0151i, demokratikus <em>\u00faj\u00edt\u00e1sokat<\/em> l\u00e1thattunk a helyi t\u00e1rsadalom bevon\u00e1s\u00e1ra?<\/p>\n<p>Az \u00e1ltal\u00e1ban vett k\u00f6z\u00f6ss\u00e9gi t\u00e9r 30 \u00e9ves t\u00f6rt\u00e9n\u00e9seit igyekszem bemutatni a k\u00f6z\u00f6ss\u00e9gi terek funkci\u00f3i \u00e9s \u00fczemeltet\u0151i t\u00fckr\u00e9ben. A terek puszta le\u00edr\u00e1s\u00e1nak \u00e9s t\u00e9rhaszn\u00e1lati szok\u00e1saink alakul\u00e1s\u00e1n t\u00fal kit\u00e9rek a t\u00e9rhaszn\u00e1l\u00f3kra, a helyi t\u00e1rsadalomra, annak v\u00e1ltoz\u00f3 ig\u00e9nyeire, lehet\u0151s\u00e9geire, a t\u00e9r szolg\u00e1ltat\u00e1si ter\u00fcleteire \u00e9s k\u00edv\u00e1natos rendszer\u00e9re.<\/p>\n<p>Hazai viszonylatban a k\u00f6z\u00f6ss\u00e9gfejleszt\u00e9s mint szakma \u00e9s maguk a k\u00f6z\u00f6ss\u00e9gi terek is <em>a kult\u00fara, a k\u00f6zm\u0171vel\u0151d\u00e9s ter\u00fclet\u00e9n gy\u00f6kereznek<\/em>, \u00edgy nem mehet\u00fcnk tov\u00e1bb ezek \u00e1ttekint\u00e9se n\u00e9lk\u00fcl. A kultur\u00e1lis k\u00f6z\u00f6ss\u00e9gi t\u00e9r, s szolg\u00e1ltat\u00e1sainak alakul\u00e1sa, \u00e1talakul\u00e1sai meghat\u00e1roz\u00f3an hatnak a telep\u00fcl\u00e9sre, \u00edgy magukra a fizikai k\u00f6z\u00f6ss\u00e9gi terekre is. A szolg\u00e1ltat\u00e1si rendszer \u00e9s\/vagy k\u00edn\u00e1lat v\u00e1ltoz\u00e1s\u00e1t optim\u00e1lis esetben a helyi emberek, a helyi k\u00f6z\u00f6ss\u00e9gek, a helyben megfogalmaz\u00f3d\u00f3 sz\u00fcks\u00e9gletek form\u00e1lj\u00e1k, alak\u00edtj\u00e1k. Mit \u00e9s mennyit enged ebb\u0151l maga a szolg\u00e1ltat\u00f3 k\u00f6z\u00f6ss\u00e9gi t\u00e9r, annak fenntart\u00f3ja, illetve alkalmazottja, szakmai koordin\u00e1l\u00f3ja?<\/p>\n<p>A rendszerv\u00e1lt\u00e1s egy\u00e9rtelm\u0171en pozit\u00edv hozad\u00e9ka, hogy megn\u0151tt a t\u00e1rsadalom, ezen bel\u00fcl a kult\u00fara \u00f6nszervez\u0151 k\u00e9pess\u00e9ge. A helyi t\u00e1rsadalmak \u00e9s civil szervezetek kultur\u00e1lis aktivit\u00e1sa egyre jelent\u0151sebb\u00e9 v\u00e1lt. A szolg\u00e1ltat\u00f3i szektor kisz\u00e9lesed\u00e9s\u00e9nek k\u00f6sz\u00f6nhet\u0151en b\u0151v\u00fclt a k\u00edn\u00e1lat. A v\u00e1laszt\u00e1s szabads\u00e1ga a kultur\u00e1lis fogyaszt\u00e1sban manifeszt\u00e1l\u00f3dott. Egyre vonz\u00f3bb\u00e1 v\u00e1ltak az otthoni szabadid\u0151s tev\u00e9kenys\u00e9gek, megv\u00e1ltoztak az ig\u00e9nyek, n\u0151tt a t\u00f6megkult\u00fara viszonylagos s\u00falya. Cs\u00f6kkent ugyanakkor a kult\u00fara fogyaszt\u00e1s\u00e1nak szakr\u00e1lis jellege. Megn\u0151tt az egy\u00e9ni t\u00e1j\u00e9kozotts\u00e1g \u00e9rt\u00e9ke, \u00e9s n\u0151tt a t\u00e1rsadalmi egyenl\u0151tlens\u00e9g m\u00e9rt\u00e9ke (Hunyadi 2004a, 112-116. o.; 2005, 67. o.).<a href=\"#_ftn2\" name=\"_ftnref2\">[2]<\/a><\/p>\n<p>\u201eFontos, hogy a k\u00f6z\u00f6ss\u00e9gi t\u00e9r helyben, <em>a telep\u00fcl\u00e9sen legyen<\/em>, hogy <em>val\u00f3s sz\u00fcks\u00e9gletekre<\/em> \u00e9rdemben reag\u00e1ljon, hogy az <em>\u00f6nk\u00e9ntess\u00e9g <\/em>szerephez jusson, hogy er\u0151fesz\u00edt\u00e9seket tegyen az <em>\u00e9rdekeltek k\u00f6r\u00e9nek b\u0151v\u00edt\u00e9s\u00e9re<\/em>, hogy \u00e9p\u00edtsen <em>helyi er\u0151forr\u00e1sokra<\/em>, s hogy a k\u00f6z\u00f6ss\u00e9g <em>szolidarit\u00e1sa, \u00f6sszetartoz\u00e1sa<\/em> megnyilv\u00e1nulhasson benne, vagy a k\u00f6z\u00f6ss\u00e9g saj\u00e1t kezdem\u00e9nyez\u00e9se legyen. <em>K\u00f6z\u00f6ss\u00e9gi alap\u00fa szolg\u00e1ltat\u00e1sr\u00f3l akkor besz\u00e9l\u00fcnk teh\u00e1t, ha arra a k\u00f6z\u00f6ss\u00e9gnek befoly\u00e1sa van, \u00e9s \u00e9rzelmileg is azonosul vele, a saj\u00e1tj\u00e1nak \u00e9rzi<\/em>.\u201d<a href=\"#_ftn3\" name=\"_ftnref3\">[3]<\/a><\/p>\n<p><strong>I. M\u0171vel\u0151d\u00e9si h\u00e1zak<\/strong><\/p>\n<p>A hazai m\u0171vel\u0151d\u00e9si int\u00e9zetek alakul\u00e1s\u00e1nak t\u00f6rt\u00e9neti bemutat\u00e1sa nem c\u00e9lom, csup\u00e1n az elm\u00falt 30 \u00e9vre szor\u00edtkozom. <em>G. Furuly\u00e1s Katalin<\/em> a <em>Kultur\u00e1lis Szemle<\/em> 2016 j\u00falius\u00e1ban publik\u00e1lt <em>A m\u0171vel\u0151d\u00e9si h\u00e1z a lakoss\u00e1gi v\u00e9leked\u00e9sek t\u00fckr\u00e9ben <\/em>c\u00edm\u0171 \u00edr\u00e1s\u00e1nak bevezet\u00e9s\u00e9ben \u00f6sszefoglalta a k\u00f6zm\u0171vel\u0151d\u00e9si, kultur\u00e1lis int\u00e9zm\u00e9nyek \u00e9s int\u00e9zm\u00e9nyrendszerek alakul\u00e1s\u00e1t, s a tanulm\u00e1nyban r\u00e9szletesen v\u00e1zolta a m\u0171vel\u0151d\u00e9si terek haszn\u00e1lat\u00e1t is.<a href=\"#_ftn4\" name=\"_ftnref4\">[4]<\/a> A tanulm\u00e1ny szerte\u00e1gaz\u00f3an \u00e9s alaposan vizsg\u00e1lja a m\u0171vel\u0151d\u00e9si otthonok k\u00e9rd\u00e9s\u00e9t, azonban a k\u00f6z\u00f6ss\u00e9gi t\u00e9r fogalma t\u00falmutat a m\u0171vel\u0151d\u00e9si h\u00e1zakon, kult\u00farotthonokon. Beke P\u00e1l szerint a k\u00f6z\u00f6ss\u00e9gi t\u00e9r \u201etet\u0151 a k\u00f6z\u00f6ss\u00e9g felett\u201d, ami nyilv\u00e1nval\u00f3an szerte\u00e1gaz\u00f3 tartalmat jelent az \u00e9p\u00edtett k\u00f6rnyezett\u0151l a term\u00e9szeti k\u00f6rnyezeten kereszt\u00fcl eg\u00e9szen az \u00e1ltalunk k\u00f6z\u00f6ss\u00e9gi t\u00e9rnek nevezett helyekig.<\/p>\n<p><img loading=\"lazy\" decoding=\"async\" class=\"size-medium wp-image-1010 alignright\" src=\"https:\/\/kofe.hu\/parola\/wp-content\/uploads\/2019\/11\/\u00c9v-v\u00e9gi-\u00f6sszegz\u00e9s-300x199.jpg\" alt=\"\" width=\"300\" height=\"199\" srcset=\"https:\/\/kofe.hu\/parola\/wp-content\/uploads\/2019\/11\/\u00c9v-v\u00e9gi-\u00f6sszegz\u00e9s-300x199.jpg 300w, https:\/\/kofe.hu\/parola\/wp-content\/uploads\/2019\/11\/\u00c9v-v\u00e9gi-\u00f6sszegz\u00e9s-768x508.jpg 768w, https:\/\/kofe.hu\/parola\/wp-content\/uploads\/2019\/11\/\u00c9v-v\u00e9gi-\u00f6sszegz\u00e9s-10x7.jpg 10w, https:\/\/kofe.hu\/parola\/wp-content\/uploads\/2019\/11\/\u00c9v-v\u00e9gi-\u00f6sszegz\u00e9s.jpg 1000w\" sizes=\"auto, (max-width: 300px) 100vw, 300px\" \/>A 30 \u00e9ves m\u00faltra visszatekintve, 1989 meghat\u00e1roz\u00f3 \u00e9v, ami nem csup\u00e1n a PAROLA indul\u00e1s\u00e1nak, hanem a hazai demokratiz\u00e1l\u00f3d\u00e1s kezdet\u00e9nek \u00e9ve is volt. Az els\u0151 \u00e1tt\u00f6r\u00e9s is \u00e9ppen 30 \u00e9ve, a gy\u00fclekez\u00e9si jogokat t\u00f6rv\u00e9nybe iktat\u00f3 jogszab\u00e1ly (<em>1989. \u00e9vi III. t\u00f6rv\u00e9ny a gy\u00fclekez\u00e9si jogr\u00f3l<\/em>) megsz\u00fclet\u00e9s\u00e9vel kezd\u0151d\u00f6tt, melyben a gy\u00fclekez\u00e9shez val\u00f3 jog a k\u00f6telez\u0151en biztos\u00edtand\u00f3 alapvet\u0151 <a href=\"https:\/\/hu.wikipedia.org\/wiki\/Emberi_jogok\">emberi jogok<\/a> k\u00f6z\u00e9 emelkedett, s amelyet a <a href=\"https:\/\/hu.wikipedia.org\/wiki\/A_Magyar_K%C3%B6zt%C3%A1rsas%C3%A1g_Alkotm%C3%A1nya\">Magyar K\u00f6zt\u00e1rsas\u00e1g Alkotm\u00e1nya<\/a> v\u00e9dett. Ett\u0151l kezdve sem az <a href=\"https:\/\/hu.wikipedia.org\/wiki\/%C3%81llam\">\u00e1llamnak<\/a>, sem m\u00e1snak nem \u00e1llt jog\u00e1ban megakad\u00e1lyozni \u00e9s k\u00e9rd\u0151re vonni a k\u00fcl\u00f6nb\u00f6z\u0151 c\u00e9lokkal l\u00e9trehozott k\u00f6z\u00f6ss\u00e9gek l\u00e9tez\u00e9s\u00e9t \u00e9s m\u0171k\u00f6d\u00e9s\u00e9t, illetve a polg\u00e1rok adott k\u00f6z\u00f6ss\u00e9gekhez val\u00f3 csatlakoz\u00e1s\u00e1t.<\/p>\n<p>\u201eA rendszerv\u00e1lt\u00e1s ellentmond\u00e1sos helyzetbe hozta a k\u00f6zm\u0171vel\u0151d\u00e9s int\u00e9zm\u00e9nyrendszer\u00e9t, illetve a rendszerv\u00e1lt\u00e1s ellentmond\u00e1sban tal\u00e1lta az int\u00e9zm\u00e9nyrendszert. Az int\u00e9zm\u00e9nyrendszer \u00e1llami, tan\u00e1csi, \u00fczemi stb. fenntart\u00e1s \u00e9s fel\u00fcgyelet alatt \u00e1llt, ilyen m\u00f3don k\u00e9ts\u00e9gtelen\u00fcl f\u00fcgg\u00f6tt \u00e9s tartozott a szocialista rendszerhez. Ugyanakkor a rendszerv\u00e1lt\u00f3 mozgalmak jelent\u0151s r\u00e9sze k\u00f6thet\u0151 volt valamilyen form\u00e1ban az int\u00e9zm\u00e9nyrendszer m\u0171k\u00f6d\u00e9s\u00e9hez, hiszen a k\u00f6z\u00f6ss\u00e9gi \u00f6sszej\u00f6vetelek, a nyilv\u00e1noss\u00e1g els\u0151 fel\u00fcgyelet n\u00e9lk\u00fcli pr\u00f3b\u00e1lgat\u00e1sai nem egyszer b\u00fajtatva, vagy \u00e9ppen m\u00e1r felv\u00e1llalva ezekben a k\u00f6z\u00f6ss\u00e9gi helysz\u00edneken, int\u00e9zm\u00e9nyekben estek meg. Az \u00faj, piaci viszonyok \u00faj lehet\u0151s\u00e9geket hoztak, piacra pr\u00f3b\u00e1lt ker\u00fclni a k\u00f6zm\u0171vel\u0151d\u00e9s, vagy annak a piack\u00e9pes, illetve annak v\u00e9lt tev\u00e9kenys\u00e9g elemei. \u00daj alapvet\u00e9sek ker\u00fclnek a politikai \u00e9s a szakmai k\u00f6zgondolkod\u00e1s homlokter\u00e9be. Legyen az \u00faj \u00fat a kult\u00fara, a kultur\u00e1lis javak menedzsel\u00e9se, a h\u00e1zak fenntart\u00e1sa-m\u0171k\u00f6dtet\u00e9se ker\u00fclhessen civil szervezetek, mag\u00e1nszem\u00e9lyek, piaci szerepl\u0151k kez\u00e9be, sz\u0171nj\u00f6n meg a politikai ellen\u0151rz\u00e9s, az ideol\u00f3giai befoly\u00e1s folyamatos kitekint\u00e9ssel l\u00e9ve a nemzetk\u00f6zi (nyugati) p\u00e9ld\u00e1kra, finansz\u00edroz\u00e1si, int\u00e9zm\u00e9nyi rendszerekre.\u201d (G. Furuly\u00e1s 2016)<\/p>\n<p><em>1997-ig nem sz\u00fcletett \u00faj \u201ekultur\u00e1lis\u201d t\u00f6rv\u00e9ny<\/em>, teh\u00e1t az 1976-os, r\u00e9gi t\u00f6rv\u00e9ny volt \u00e9rv\u00e9nyben\u00a0 ezekben az \u00e1tmeneti id\u0151kben; a helyzet \u00edgy egyre ink\u00e1bb anakronisztikuss\u00e1, majd komikuss\u00e1 v\u00e1lt. Az \u00faj t\u00f6rv\u00e9ny, az 1997. \u00e9vi CXL t\u00f6rv\u00e9ny el\u0151k\u00e9sz\u00edt\u00e9se tulajdonk\u00e9ppen 1990-ben, a rendszerv\u00e1lt\u00e1s idej\u00e9n kezd\u0151d\u00f6tt, majd k\u00f6zel egy \u00e9vtizedes el\u0151k\u00e9sz\u00edt\u0151, egyeztet\u0151 szakasz ut\u00e1n ker\u00fclt a parlament el\u00e9. Ebben a majd egy \u00e9vtizedig eltart\u00f3 ex lex \u00e1llapotban a t\u00f6rv\u00e9ny-el\u0151k\u00e9sz\u00edt\u00e9s mint tartalmi f\u0151 sz\u00e1l \u00e9s az igen eleven, elt\u00e9r\u0151 logik\u00e1j\u00fa szakmai p\u00e1rbesz\u00e9d folyamatosan \u00e9rt\u00e9keli, pozicion\u00e1lja, \u00fajragondolja a k\u00f6zm\u0171vel\u0151d\u00e9s int\u00e9zm\u00e9nyrendszer\u00e9nek, a benne foly\u00f3 tev\u00e9kenys\u00e9geknek, illetve a benne dolgoz\u00f3 szakembereknek a lehet\u0151s\u00e9geit. A k\u00f6zel h\u00e1romezer, \u00edgy vagy \u00fagy felszerelt, m\u00e9g ha nem is optim\u00e1lis adotts\u00e1g\u00fa, de rendelkez\u00e9sre \u00e1ll\u00f3 m\u0171vel\u0151d\u00e9si h\u00e1z, k\u00f6z\u00f6ss\u00e9gi t\u00e9r olyan adotts\u00e1g volt, amellyel szinte minden aktor sz\u00e1molni k\u00edv\u00e1nt. (F\u00f6ldi\u00e1k 1993, 8. o.). Mindek\u00f6zben tev\u00e9kenys\u00e9gek, szakm\u00e1k v\u00e1ltak \u00f6n\u00e1ll\u00f3v\u00e1, sokkal hangs\u00falyosabb\u00e1 a k\u00edn\u00e1latban, vagy \u00e9ppen piaci szerepl\u0151kk\u00e9: bizonyos piack\u00e9pes oktat\u00e1si tev\u00e9kenys\u00e9gek, a szolg\u00e1ltat\u00e1sok egy jelent\u0151s k\u00f6re, a ment\u00e1lhigi\u00e9n\u00e9hez k\u00f6thet\u0151 tev\u00e9kenys\u00e9gek, a szoci\u00e1lis-seg\u00edt\u0151 munk\u00e1k feladatrendszere \u00e9s a k\u00f6z\u00f6ss\u00e9gfejleszt\u00e9s is.<a href=\"#_ftn5\" name=\"_ftnref5\">[5]<\/a> (Vercseg 1993, 125. o.) Teh\u00e1t \u00e1talakul\u00f3 f\u00e1zisba \u00e9rkezett mind maga a k\u00f6z\u00f6ss\u00e9gi t\u00e9r, mind az azt \u00fczemeltet\u0151 \u00e9s\/vagy fenntart\u00f3 entit\u00e1s \u00e9s a k\u00f6z\u00f6ss\u00e9gi t\u00e9rben tev\u00e9kenyked\u0151 szakmai tev\u00e9kenys\u00e9g is.<\/p>\n<p><img loading=\"lazy\" decoding=\"async\" class=\"size-medium wp-image-1019 alignright\" src=\"https:\/\/kofe.hu\/parola\/wp-content\/uploads\/2019\/11\/Telkoz-300x201.jpg\" alt=\"\" width=\"300\" height=\"201\" srcset=\"https:\/\/kofe.hu\/parola\/wp-content\/uploads\/2019\/11\/Telkoz-300x201.jpg 300w, https:\/\/kofe.hu\/parola\/wp-content\/uploads\/2019\/11\/Telkoz-768x516.jpg 768w, https:\/\/kofe.hu\/parola\/wp-content\/uploads\/2019\/11\/Telkoz-1024x688.jpg 1024w, https:\/\/kofe.hu\/parola\/wp-content\/uploads\/2019\/11\/Telkoz-10x7.jpg 10w, https:\/\/kofe.hu\/parola\/wp-content\/uploads\/2019\/11\/Telkoz-2000x1343.jpg 2000w, https:\/\/kofe.hu\/parola\/wp-content\/uploads\/2019\/11\/Telkoz.jpg 2048w\" sizes=\"auto, (max-width: 300px) 100vw, 300px\" \/>Az 1997-ben \u00e9letbe l\u00e9p\u0151 \u00faj kultur\u00e1lis t\u00f6rv\u00e9ny igyekezett a lehet\u0151 legnagyobb szabads\u00e1got adni a telep\u00fcl\u00e9seknek. A normat\u00edv el\u0151\u00edr\u00e1sok az \u00f6nkorm\u00e1nyzatok sz\u00e1m\u00e1ra szabtak feladatot, v\u00e1rosok eset\u00e9ben int\u00e9zm\u00e9nyi fenntart\u00e1si k\u00f6telezetts\u00e9get, a feladatok testre, telep\u00fcl\u00e9sre szab\u00e1s\u00e1t helyi rendeletekre b\u00edzta. (G. Furuly\u00e1s 2005, 7. o.)<a href=\"#_ftn6\" name=\"_ftnref6\">[6]<\/a><\/p>\n<p>Ma \u00f6sszess\u00e9g\u00e9ben az l\u00e1that\u00f3 \u00e9s tapasztalhat\u00f3, hogy a helyi k\u00f6zm\u0171vel\u0151d\u00e9si int\u00e9zm\u00e9nyek s a benn\u00fck dolgoz\u00f3k t\u00f6bbnyire megmaradtak a kult\u00fara k\u00f6zvet\u00edt\u00e9se mellett, szolg\u00e1ltat\u00e1si rendszer\u00fck is ehhez igazodik, amit a szakmai vezet\u00e9s, rugalmass\u00e1g\u00e1t\u00f3l \u00e9s helyi, szakmai elk\u00f6telez\u0151d\u00e9s\u00e9t\u0151l f\u00fcgg\u0151en, term\u00e9szetesen t\u00e1g\u00edthat.<\/p>\n<p>Azt is tapasztaljuk, hogy a m\u0171vel\u0151d\u00e9si h\u00e1zak meghat\u00e1roz\u00f3an \u00e1llami, \u00f6nkorm\u00e1nyzati tulajdonban \u00e9s fenntart\u00e1sban m\u0171k\u00f6dnek, de emellett megjelenik a civil \u00e9s egyh\u00e1zi, valamint v\u00e1llalkoz\u00e1si form\u00e1ban m\u0171k\u00f6dtetett k\u00f6z\u00f6ss\u00e9gi t\u00e9r is. Szakmai h\u00e1ttere jobb\u00e1ra biztos\u00edtott, teh\u00e1t a fenntart\u00f3 szem\u00e9ly\u00e9t\u0151l f\u00fcggetlen\u00fcl a benne dolgoz\u00f3k, a szakmai k\u00f6vetelm\u00e9nyrendszernek megfelel\u0151en, nagyr\u00e9szt diplom\u00e1val rendelkez\u0151 szakalkalmazottak.<\/p>\n<p><strong>II. Teleh\u00e1zak<\/strong><\/p>\n<p>\u201e<em>A teleh\u00e1z olyan ember- \u00e9s t\u00e1rsadalomk\u00f6zpont\u00fa \u00faj\u00edt\u00e1s, melynek c\u00e9lja a k\u00f6z\u00f6ss\u00e9g fejleszt\u00e9se, form\u00e1l\u00e1sa, ezeken kereszt\u00fcl a telep\u00fcl\u00e9seken \u00e9l\u0151k \u00e9letmin\u0151s\u00e9g\u00e9nek jav\u00edt\u00e1sa<\/em>. A teleh\u00e1z egyben olyan helysz\u00edn is, ami lehet\u0151s\u00e9get biztos\u00edt a k\u00f6z\u00f6ss\u00e9gi programok szervez\u00e9s\u00e9hez, eszk\u00f6z\u00f6ket \u00e9s seg\u00edts\u00e9get ad a mindennapi \u00e9let \u00fcgyeinek elint\u00e9z\u00e9s\u00e9hez, a k\u00f6z\u00f6ss\u00e9gi l\u00e9t sz\u00ednter\u00e9nek kialak\u00edt\u00e1s\u00e1hoz.\u201d<a href=\"#_ftn7\" name=\"_ftnref7\">[7]<\/a><\/p>\n<p>Magyarorsz\u00e1gon az els\u0151 teleh\u00e1zak m\u00e1r 1994-ben l\u00e9trej\u00f6ttek, majd folyamatosan b\u0151v\u00fclt a paletta; 2000-ben 123, 2009-ben pedig (egy k\u00f6zbens\u0151 nagy n\u00f6veked\u00e9s ut\u00e1ni visszaes\u00e9st k\u00f6vet\u0151en) 360 teleh\u00e1zm\u0171k\u00f6d\u00f6tt az orsz\u00e1gban. Hohl Ferenc doktori \u00e9rtekez\u00e9se<a href=\"#_ftn8\" name=\"_ftnref8\">[8]<\/a> szerint a Teleh\u00e1z Kht. 2002 v\u00e9g\u00e9re 6-700 teleh\u00e1z jelenl\u00e9t\u00e9t vizion\u00e1lta orsz\u00e1gszerte. Hohl szerint (2005) jelenleg nem lehet egy teleh\u00e1zr\u00f3l megmondani, hogy az mennyiben hat\u00e9kony, van-e \u00e9rtelme fenntartani, hi\u00e1nyoznak ehhez a sz\u00e1mszer\u0171s\u00edthet\u0151 mutat\u00f3k, indik\u00e1torok. Emiatt nem lehet a teleh\u00e1zak munk\u00e1j\u00e1t \u00f6sszehasonl\u00edtani sem \u00edgy maradnak az el\u00e9rhet\u0151 dokumentumok alapj\u00e1n levont k\u00f6vetkeztet\u00e9sek.<\/p>\n<p>A teleh\u00e1zak els\u0151sorban civil szervezeti mozgalomk\u00e9nt l\u00e9tes\u00fcltek, mivel nagyszer\u0171 eszk\u00f6znek t\u0171ntek a helyi t\u00e1rsadalmakban megl\u00e9v\u0151 hi\u00e1nyoss\u00e1gok p\u00f3tl\u00e1s\u00e1ra. Kezdetben csak a kistelep\u00fcl\u00e9sek alap\u00edtottak teleh\u00e1zakat, mivel nekik voltak a legkisebb es\u00e9lyeik a modern eszk\u00f6z\u00f6kh\u00f6z val\u00f3 hozz\u00e1jut\u00e1s ter\u00e9n. Nagyon fontos volt a teleh\u00e1zakban dolgoz\u00f3k szakmai hozz\u00e1\u00e9rt\u00e9se, hiszen a h\u00e1z csak akkor tudta stabilan biztos\u00edtani a szolg\u00e1ltat\u00e1st, ha alkalmazottja biztos tud\u00e1ssal rendelkezett.<\/p>\n<p>1999-ben G\u00e1sp\u00e1r M\u00e1ty\u00e1s, a Teleh\u00e1z Kht. \u00fcgyvezet\u0151je fogalmazta meg a teleh\u00e1zak addigi szolg\u00e1ltat\u00e1si ir\u00e1nyait. 1999-2000-ig a h\u00e1l\u00f3zatfejleszt\u00e9s volt a f\u0151 c\u00e9l, amit t\u00f6bb t\u00e1mogat\u00e1si vonalon is er\u0151s\u00edtettek. Ebben az id\u0151szakban kapcsol\u00f3dott be a teleh\u00e1z mozgalom a falugondnoki szolg\u00e1ltat\u00e1sba, ill. annak kiszolg\u00e1l\u00e1s\u00e1ba, valamint a foglalkoztat\u00e1s k\u00e9rd\u00e9sk\u00f6r\u00e9be, ahol nagy teret kapott a t\u00e1vmunka jelent\u0151s\u00e9g\u00e9nek hangs\u00falyoz\u00e1sa. S ebben az id\u0151ben jelentkezett az ig\u00e9ny a kispost\u00e1k, illetve a kisk\u00f6nyvt\u00e1rak, valamint a kis m\u0171vel\u0151d\u00e9si h\u00e1zak teleh\u00e1zz\u00e1 fejleszt\u00e9s\u00e9re is.<\/p>\n<p>A kistelep\u00fcl\u00e9si l\u00e9tb\u0151l val\u00f3 kil\u00e9p\u00e9s a v\u00e1rosi teleh\u00e1zak, valamint a r\u00e9gi\u00f3s h\u00e1l\u00f3zatok megjelen\u00e9se hozta. A v\u00e1ltoz\u00e1sok igyekeztek alkalmazkodni a \u2013 r\u00e9szben \u2013 helyben megfogalmazott ig\u00e9nyekhez, \u00e1m maga a szolg\u00e1ltat\u00e1si k\u00edn\u00e1lat els\u0151sorban tov\u00e1bbra is az infokommunik\u00e1ci\u00f3s ter\u00fcletre helyezte a hangs\u00falyt. Magukr\u00f3l a teleh\u00e1zakr\u00f3l kev\u00e9s inform\u00e1ci\u00f3 \u00e9rhet\u0151 el, azonban azt l\u00e1tjuk, tapasztaljuk, hogy az orsz\u00e1g t\u00f6bb telep\u00fcl\u00e9s\u00e9n ma is meghat\u00e1roz\u00f3 k\u00f6z\u00f6ss\u00e9gi t\u00e9rk\u00e9nt \u00e9s szolg\u00e1ltat\u00e1sk\u00e9nt vannak jelen.<\/p>\n<p>J\u00f3l l\u00e1that\u00f3 teh\u00e1t, hogy a rendszerv\u00e1lt\u00e1st k\u00f6vet\u0151en jellemz\u0151en a teleh\u00e1zak biztos\u00edtott\u00e1k a helyi k\u00f6z\u00f6ss\u00e9gi teret, s ezeket t\u00f6bbnyire a helyi k\u00f6z\u00f6ss\u00e9g vagy egy civil szervezet m\u0171k\u00f6dtette, \u00e1ltal\u00e1ban megfelel\u0151 szakmai h\u00e1tt\u00e9rrel.<\/p>\n<p><strong>III. Civil K\u00f6z\u00f6ss\u00e9gi H\u00e1zak<\/strong><\/p>\n<p><em>Beke P\u00e1l<\/em> \u00e9s kort\u00e1rsai m\u00e1r a \u201980-as \u00e9vekben besz\u00e9ltek \u00e9s \u00edrtak a helyi t\u00e1rsadalom \u00e9s annak sz\u00fcks\u00e9gleteire \u00e9p\u00edt\u0151 civil k\u00f6z\u00f6ss\u00e9gi h\u00e1zak fontoss\u00e1g\u00e1r\u00f3l. Beke tanulm\u00e1nyai \u00e9s \u00edr\u00e1sai t\u00f6bb platformon k\u00f6vethet\u0151ek nyomon, a \u201980-as \u00e9vekt\u0151l eg\u00e9szen hal\u00e1l\u00e1ig. Az utols\u00f3, \u00e1ltala szerkesztett kiadv\u00e1ny, a <a href=\"http:\/\/mek.oszk.hu\/09400\/09417\/\"><em>Saj\u00e1t m\u0171vel\u0151d\u00e9si otthonunk<\/em><\/a><a href=\"#_ftn9\" name=\"_ftnref9\">[9]<\/a> is r\u00e9szletesen foglalkozik ezzel az ir\u00e1nyvonallal. \u201eVajon mi t\u00f6rt\u00e9nne, ha nemcsak a ki\u00fcresedett funkci\u00f3j\u00fa, esetleg elhagyott \u00e9p\u00fcleteket, az int\u00e9zm\u00e9nyi vagy a v\u00e1llalkoz\u00e1si form\u00e1ban gazdas\u00e1gtalanul m\u0171k\u00f6dtethet\u0151 helyis\u00e9geket kapn\u00e1k meg a valamilyen kultur\u00e1lis\/m\u0171vel\u0151d\u00e9si sz\u00e1nd\u00e9kot megval\u00f3s\u00edtani akar\u00f3k, hanem a m\u00e9g m\u0171k\u00f6d\u0151 m\u0171vel\u0151d\u00e9si otthonokat is azok, akik jelenlegi haszn\u00e1l\u00f3ik? Az erre val\u00f3 \u00e1llami normat\u00edv\u00e1t \u00e9s az \u00f6nkorm\u00e1nyzatok kor\u00e1bban erre ford\u00edtott p\u00e9nz\u00e9t \u00e9ppen \u00fagy megkaphatn\u00e1k, hiszen az a helyben lak\u00f3k kultur\u00e1lis\/m\u0171vel\u0151d\u00e9si feladatell\u00e1t\u00e1s\u00e1ra val\u00f3. Ez pedig az int\u00e9zm\u00e9ny m\u0171k\u00f6dtet\u00e9si m\u00f3dj\u00e1t\u00f3l f\u00fcggetlen\u00fcl ker\u00fcl ugyanannyiba. A benn\u00fck alkalmazott n\u00e9pm\u0171vel\u0151ket ugyan\u00fagy haszn\u00e1lhatn\u00e1k, hiszen ez ut\u00f3bbiak <em>eleddig is \u0151\u00e9rett\u00fck<\/em> voltak l\u00e9tjogosultak. A viszony persze megv\u00e1ltozna. A haszn\u00e1l\u00f3b\u00f3l tulajdonos, a n\u00e9pm\u0171vel\u0151 pedig \u00f3hajukat szakszer\u0171en teljes\u00edt\u0151 alkalmazottjuk lenne.\u201d<\/p>\n<p><img loading=\"lazy\" decoding=\"async\" class=\"size-medium wp-image-1011 alignright\" src=\"https:\/\/kofe.hu\/parola\/wp-content\/uploads\/2019\/11\/Ifj\u00fas\u00e1gi-demokr\u00e1ciaprogramok-300x201.jpg\" alt=\"\" width=\"300\" height=\"201\" srcset=\"https:\/\/kofe.hu\/parola\/wp-content\/uploads\/2019\/11\/Ifj\u00fas\u00e1gi-demokr\u00e1ciaprogramok-300x201.jpg 300w, https:\/\/kofe.hu\/parola\/wp-content\/uploads\/2019\/11\/Ifj\u00fas\u00e1gi-demokr\u00e1ciaprogramok-768x514.jpg 768w, https:\/\/kofe.hu\/parola\/wp-content\/uploads\/2019\/11\/Ifj\u00fas\u00e1gi-demokr\u00e1ciaprogramok-1024x686.jpg 1024w, https:\/\/kofe.hu\/parola\/wp-content\/uploads\/2019\/11\/Ifj\u00fas\u00e1gi-demokr\u00e1ciaprogramok-10x7.jpg 10w, https:\/\/kofe.hu\/parola\/wp-content\/uploads\/2019\/11\/Ifj\u00fas\u00e1gi-demokr\u00e1ciaprogramok-2000x1339.jpg 2000w, https:\/\/kofe.hu\/parola\/wp-content\/uploads\/2019\/11\/Ifj\u00fas\u00e1gi-demokr\u00e1ciaprogramok.jpg 2048w\" sizes=\"auto, (max-width: 300px) 100vw, 300px\" \/>A civil k\u00f6z\u00f6ss\u00e9gek \u00e1ltal m\u0171k\u00f6dtetett k\u00f6z\u00f6ss\u00e9gi terek l\u00e9tjogosults\u00e1ga a mai napig nem egy\u00e9rtelm\u0171. A Beke P\u00e1l vezette <em>Magyar M\u0171vel\u0151d\u00e9si Int\u00e9zet<\/em> \u00e9s annak munkat\u00e1rsa, <em>Kereszti Ferenc<\/em> orsz\u00e1gj\u00e1r\u00e1son m\u00e9rte fel a k\u00f6z\u00f6ss\u00e9gfejleszt\u00e9sben, a helyi civil kezdem\u00e9nyez\u00e9sben m\u0171k\u00f6dtethet\u0151 k\u00f6z\u00f6ss\u00e9gi tereket, illetve azokat a civil k\u00f6z\u00f6ss\u00e9geket, akik m\u00e1r m\u0171k\u00f6dtet\u0151k\u00e9nt szerepeltek. Ez ut\u00f3bbiak sz\u0171k k\u00f6r\u00e9b\u0151l 2005-ben megalakult a <em>Civil K\u00f6z\u00f6ss\u00e9gi H\u00e1zak Magyarorsz\u00e1gi Egyes\u00fclete<\/em>, s annak region\u00e1lis k\u00f6zpontjai. Az egyes\u00fclet azonban a mai napig sem jutott el od\u00e1ig, hogy k\u00e9pes legyen bet\u00f6lteni az alakul\u00e1skor megfogalmazott alapfunkci\u00f3j\u00e1t, miszerint szakmai m\u00f3dszertani k\u00f6zpontj\u00e1v\u00e1 v\u00e1lik a civil k\u00f6z\u00f6ss\u00e9gi h\u00e1zaknak. A teleh\u00e1zakhoz hasonl\u00f3an ezen a ter\u00fcleten sem sz\u00fcletett kutat\u00e1s arra vonatkoz\u00f3an, hogy milyen sz\u00e1mban \u00e9s min\u0151s\u00e9gben vannak jelen a k\u00f6z\u00f6ss\u00e9gi terek m\u0171k\u00f6dtet\u00e9s\u00e9ben civil szervezetek.<a href=\"#_ftn10\" name=\"_ftnref10\">[10]<\/a><\/p>\n<p>Kisebb felm\u00e9r\u00e9sek \u00e9s tanulm\u00e1nyok azt bizony\u00edtj\u00e1k, hogy ahol van civil k\u00f6z\u00f6ss\u00e9gi h\u00e1z, ott jellemz\u0151en \u00f6nkorm\u00e1nyzati ingatlanban \u00e9s egy szervezet m\u0171k\u00f6dtet\u00e9s\u00e9ben biztos\u00edtja a szolg\u00e1ltat\u00e1sokat. A Beke \u00e1ltal eml\u00edtett francia p\u00e9lda a helyi t\u00e1rsadalom er\u0151forr\u00e1saira \u00e9s sz\u00fcks\u00e9gleteire \u00e9p\u00fcl, abb\u00f3l ered, teh\u00e1t az adott telep\u00fcl\u00e9s(r\u00e9sz), szomsz\u00e9ds\u00e1g k\u00f6z\u00f6ss\u00e9geinek egy\u00fcttm\u0171k\u00f6d\u00e9s\u00e9t tekinti ir\u00e1nyad\u00f3nak. Az egy szervezet \u00e1ltali m\u0171k\u00f6dtet\u00e9snek t\u00f6bb buktat\u00f3ja is van. Azon t\u00fal, hogy a \u201etulajdonosi\u201d l\u00e9t szerepeket \u00e9s kiv\u00e1lts\u00e1gokat sugallhat, melyhez nehezebb az \u00fajak csatlakoz\u00e1sa, s a haszn\u00e1lat is al\u00e1- \u00e9s f\u00f6l\u00e9-rendeltet\u00e9seket sz\u00fclhet, a fenntart\u00e1s \u00e9s \u00fczemeltet\u00e9s sem rent\u00e1bilis. Megjelenik a saj\u00e1t ingatlan, illetve a mag\u00e1nszem\u00e9lyt\u0151l vagy v\u00e1llalkoz\u00e1st\u00f3l b\u00e9relt ingatlan is, azonban jellemz\u0151en ezekn\u00e9l is csak egy-egy civil szerepl\u0151vel tal\u00e1lkozunk. Kom\u00e1romban, p\u00e9ld\u00e1ul, a civil tulajdonban l\u00e9v\u0151 <em>Mag-h\u00e1z<\/em> ugyan tov\u00e1bbi \u00f6t civil szervezettel egy\u00fcttm\u0171k\u00f6dve jelenik meg a k\u00f6z\u00f6ss\u00e9gi terek palett\u00e1j\u00e1n, azonban ez egy saj\u00e1tos magyar m\u00f3dosul\u00e1sa a francia p\u00e9ld\u00e1nak.<\/p>\n<p><strong>IV. Integr\u00e1lt K\u00f6z\u00f6ss\u00e9gi \u00e9s Szolg\u00e1ltat\u00f3 Terek (IKSZT)<\/strong><\/p>\n<p>2007-ben a <em>Fejleszt\u00e9si \u00e9s Vid\u00e9kfejleszt\u00e9si Miniszt\u00e9rium<\/em> megb\u00edz\u00e1s\u00e1b\u00f3l indult el az integr\u00e1lt k\u00f6z\u00f6ss\u00e9gi \u00e9s szolg\u00e1ltat\u00f3 terek h\u00e1l\u00f3zat\u00e1nak kidolgoz\u00e1sa. Az IKSZT program szakmai koncepci\u00f3j\u00e1ban egy szerte\u00e1gaz\u00f3 szolg\u00e1ltat\u00e1si k\u00edn\u00e1lattal terveztek<a href=\"#_ftn11\" name=\"_ftnref11\">[11]<\/a>: k\u00f6z- \u00e9s k\u00f6z\u00f6ss\u00e9gi m\u0171vel\u0151d\u00e9s, k\u00f6z\u00f6ss\u00e9gfejleszt\u00e9s, inform\u00e1ci\u00f3s t\u00e1rsadalom, a koragyerekkori fejl\u0151d\u00e9s, fejleszt\u00e9s,\u00a0 gyerekszeg\u00e9nys\u00e9g-gyerekj\u00f3l\u00e9t, ifj\u00fas\u00e1gfejleszt\u00e9s, k\u00f6zoktat\u00e1s, foglalkoztat\u00e1s-politika, szoci\u00e1lis munka, eg\u00e9szs\u00e9gfejleszt\u00e9s, telep\u00fcl\u00e9s- \u00e9s vid\u00e9kfejleszt\u00e9s, v\u00e1llalkoz\u00e1sfejleszt\u00e9s. A kidolgozott t\u00e1mogat\u00e1si rendszer az orsz\u00e1g 5000 l\u00e9leksz\u00e1mn\u00e1l kisebb vagy 100 f\u0151\/km\u00b2 n\u00e9ps\u0171r\u0171s\u00e9g alatti, nem v\u00e1rosi rang\u00fa telep\u00fcl\u00e9seken m\u0171k\u00f6d\u0151 telep\u00fcl\u00e9si \u00f6nkorm\u00e1nyzatoknak, telep\u00fcl\u00e9si kisebbs\u00e9gi \u00f6nkorm\u00e1nyzatoknak, a telep\u00fcl\u00e9sen sz\u00e9khellyel\/telephellyel rendelkez\u0151 nonprofit szervezeteknek \u00e9s egyh\u00e1zi jogi szem\u00e9lyeknek, illetve t\u00f6bbc\u00e9l\u00fa kist\u00e9rs\u00e9gi t\u00e1rsul\u00e1soknak \u00e9s \u00f6nkorm\u00e1nyzati t\u00e1rsul\u00e1soknak ny\u00fajtott lehet\u0151s\u00e9get arra, hogy \u00e9p\u00fcletet \u00faj\u00edtsanak fel, amelyben az \u00faj szolg\u00e1ltat\u00e1si modell m\u0171k\u00f6dtet\u00e9s\u00e9vel mag\u00e1t a szolg\u00e1ltat\u00e1si rendszert \u00e9s a helyi foglalkoztat\u00e1st is seg\u00edtik.<a href=\"#_ftn12\" name=\"_ftnref12\">[12]<\/a><\/p>\n<p>A c\u00edmp\u00e1ly\u00e1zatra 2008-ban a k\u00f6zel 3000 jogosult telep\u00fcl\u00e9sr\u0151l \u00f6sszesen 1003 p\u00e1ly\u00e1zat \u00e9rkezett be; a c\u00edmp\u00e1ly\u00e1zat \u00e9rt\u00e9kel\u00e9se alapj\u00e1n 972 szervezet lett c\u00edmbirtokos. A c\u00edmbirtokosok k\u00f6z\u00fcl 635 r\u00e9szes\u00fclt t\u00e1mogat\u00e1sban k\u00f6zel, 27 milli\u00e1rd forint forr\u00e1s felhaszn\u00e1l\u00e1s\u00e1val.<a href=\"#_ftn13\" name=\"_ftnref13\">[13]<\/a><\/p>\n<p>Az IKSZT m\u00f3dszertani \u00fatmutat\u00f3j\u00e1nak<a href=\"#_ftn14\" name=\"_ftnref14\">[14]<\/a> gyakorlatba val\u00f3 \u00e1t\u00fcltet\u00e9se azonban nem volt probl\u00e9mamentes, hiszen az abban megfogalmazott egys\u00e9ges \u201enormarendszereket\u201d nem minden telep\u00fcl\u00e9s tudta a val\u00f3s\u00e1gban teljes\u00edteni. A k\u00f6telez\u0151 \u00e9s a v\u00e1laszthat\u00f3 szolg\u00e1ltat\u00e1si ter\u00fcleteken el\u0151\u00edrt minim\u00e1lisan, ter\u00fcletenk\u00e9nt \u00e9s id\u0151keretenk\u00e9nt megval\u00f3s\u00edtand\u00f3 szolg\u00e1ltat\u00e1si ir\u00e1nyok meghat\u00e1roz\u00e1sakor a ter\u00fcleti \u00e9s telep\u00fcl\u00e9si egyedi szempontokat nem vett\u00e9k figyelembe. \u00a0A p\u00e1ly\u00e1z\u00f3k, f\u0151k\u00e9nt \u00f6nkorm\u00e1nyzatok, els\u0151dleges c\u00e9lja a telep\u00fcl\u00e9seken l\u00e9v\u0151 k\u00f6z\u00f6ss\u00e9gi terek meg\u00faj\u00edt\u00e1sa volt, a terekben dolgoz\u00f3k sem minden esetben a szolg\u00e1ltat\u00e1si ter\u00fcletekr\u0151l ker\u00fcltek a programba. A fenntart\u00e1si id\u0151szak eltelt\u00e9vel az IKSZT-k telep\u00fcl\u00e9senk\u00e9nt saj\u00e1t ig\u00e9nyeikhez igaz\u00edtva folytatj\u00e1k a tev\u00e9kenys\u00e9geiket, minden bizonnyal vannak szolg\u00e1ltat\u00e1si ter\u00fcletek, amelyek teljesen elmaradnak, s ker\u00fclnek \u00faj ir\u00e1nyok is a folyamatba. A Dud\u00e1s Katalin tanulm\u00e1ny\u00e1nak<a href=\"#_ftn15\" name=\"_ftnref15\">[15]<\/a> alapj\u00e1ul szolg\u00e1l\u00f3 kutat\u00e1sban le\u00edrt v\u00e1ltoztat\u00e1si javaslatok is igen szerte\u00e1gaz\u00f3ak, nem rajzol\u00f3dik ki bel\u0151l\u00fck egy egys\u00e9ges ir\u00e1nym\u00f3dos\u00edt\u00e1s. A sz\u00fcks\u00e9ges v\u00e1ltoztat\u00e1sokat \u2013 az IKSZT-ket l\u00e9trehoz\u00f3 koncepci\u00f3 logik\u00e1j\u00e1nak megfelel\u0151en &#8211; az egyes IKSZT-knek kell helyben kidolgozniuk, k\u00f6z\u00f6ns\u00e9g\u00fck \u00e9s k\u00f6z\u00f6ss\u00e9geik bevon\u00e1s\u00e1val.<\/p>\n<p><strong>V. Settlement h\u00e1zak<\/strong><\/p>\n<p>\u201eA settlement egy olyan k\u00f6z\u00f6ss\u00e9gi k\u00f6zpont, mely egyszerre t\u00f6bb c\u00e9lt val\u00f3s\u00edt meg. Hozz\u00e1j\u00e1rul a helyi k\u00f6z\u00f6ss\u00e9gek fejl\u0151d\u00e9s\u00e9hez, fejleszt\u00e9s\u00e9hez, szabadid\u0151s tev\u00e9kenys\u00e9geknek ny\u00fajt teret, seg\u00edti a szoci\u00e1lis probl\u00e9m\u00e1k megold\u00e1s\u00e1t, inform\u00e1ci\u00f3t ny\u00fajt, \u00e9s seg\u00edti a k\u00fcl\u00f6nb\u00f6z\u0151 emberek, csoportok \u00e9s k\u00f6z\u00f6ss\u00e9gek k\u00f6z\u00f6tti kommunik\u00e1ci\u00f3t, a lakoss\u00e1g \u00e9letmin\u0151s\u00e9g\u00e9nek jav\u00edt\u00e1s\u00e1t. Szolg\u00e1ltat\u00e1sait szabadon ig\u00e9nybe vehetik korhat\u00e1r n\u00e9lk\u00fcl egy\u00e9nek, csal\u00e1dok, k\u00f6z\u00f6ss\u00e9gek. A settlement konkr\u00e9t l\u00e9p\u00e9seket tesz a m\u00e1r megl\u00e9v\u0151 kezdem\u00e9nyez\u00e9sek, szervez\u0151d\u00e9sek meger\u0151s\u00edt\u00e9s\u00e9re, a helyi k\u00f6z\u00f6ss\u00e9gi er\u0151k integr\u00e1l\u00e1s\u00e1\u00e9rt, a t\u00e1rsadalmi p\u00e1rbesz\u00e9d megszervez\u0151d\u00e9s\u00e9\u00e9rt. \u00cdgy a helyi k\u00f6z\u00f6ss\u00e9gi \u00e9let struktur\u00e1ltabb\u00e1 \u00e9s szolid\u00e1risabb\u00e1 v\u00e1lik, \u00faj mozg\u00e1sok indulnak be a k\u00f6z\u00e9letben, \u00faj fiatalok von\u00f3dnak be k\u00f6z\u00f6ss\u00e9gi alap\u00fa programok szervez\u00e9s\u00e9be, esetleg helyi ig\u00e9ny \u00e9s akarat alapj\u00e1n k\u00f6z\u00f6ss\u00e9gi alap\u00fa szolg\u00e1ltat\u00e1sok szervez\u0151dnek. Az igazi \u00f6nszervez\u0151d\u00e9st nemcsak a helyi programszervez\u00e9s lehet\u0151s\u00e9ge, hanem a szervezett helyi k\u00f6z\u00f6ss\u00e9gi \u00e9rdekv\u00e9delem is motiv\u00e1lja.<\/p>\n<p><img loading=\"lazy\" decoding=\"async\" class=\"size-medium wp-image-1012 alignright\" src=\"https:\/\/kofe.hu\/parola\/wp-content\/uploads\/2019\/11\/Ifj\u00fas\u00e1gi-munka-m\u00e9lyszeg\u00e9nys\u00e9gben-300x201.jpg\" alt=\"\" width=\"300\" height=\"201\" srcset=\"https:\/\/kofe.hu\/parola\/wp-content\/uploads\/2019\/11\/Ifj\u00fas\u00e1gi-munka-m\u00e9lyszeg\u00e9nys\u00e9gben-300x201.jpg 300w, https:\/\/kofe.hu\/parola\/wp-content\/uploads\/2019\/11\/Ifj\u00fas\u00e1gi-munka-m\u00e9lyszeg\u00e9nys\u00e9gben-768x516.jpg 768w, https:\/\/kofe.hu\/parola\/wp-content\/uploads\/2019\/11\/Ifj\u00fas\u00e1gi-munka-m\u00e9lyszeg\u00e9nys\u00e9gben-1024x688.jpg 1024w, https:\/\/kofe.hu\/parola\/wp-content\/uploads\/2019\/11\/Ifj\u00fas\u00e1gi-munka-m\u00e9lyszeg\u00e9nys\u00e9gben-10x7.jpg 10w, https:\/\/kofe.hu\/parola\/wp-content\/uploads\/2019\/11\/Ifj\u00fas\u00e1gi-munka-m\u00e9lyszeg\u00e9nys\u00e9gben-2000x1343.jpg 2000w, https:\/\/kofe.hu\/parola\/wp-content\/uploads\/2019\/11\/Ifj\u00fas\u00e1gi-munka-m\u00e9lyszeg\u00e9nys\u00e9gben.jpg 2048w\" sizes=\"auto, (max-width: 300px) 100vw, 300px\" \/>A settlement t\u00edpus\u00fa m\u0171k\u00f6d\u00e9sben a helyi k\u00f6z\u00f6ss\u00e9gi sz\u00ednteret vagy szomsz\u00e9ds\u00e1gi k\u00f6zpontot m\u0171k\u00f6dtet\u0151 helyi szervezetet az \u00f6nkorm\u00e1nyzat megfelel\u0151 szerveivel val\u00f3 egy\u00fcttm\u0171k\u00f6d\u00e9sen fel\u00fcl egyetemist\u00e1k \u00e9s \u00f6nk\u00e9ntesek seg\u00edtik. Sz\u00e1mos szolg\u00e1ltat\u00e1st ny\u00fajthat egy settlement, azok tervez\u00e9s\u00e9ben \u00e9s megval\u00f3s\u00edt\u00e1s\u00e1ban alapvet\u0151 szempont a helyi k\u00f6z\u00f6ss\u00e9g ig\u00e9nye, sz\u00fcks\u00e9gletei \u00e9s az \u00e9rintettek r\u00e9szv\u00e9tele. (\u2026) L\u00e9nyeges, hogy szolg\u00e1ltat\u00e1sai nem \u00e1gazati elk\u00fcl\u00f6n\u00fcl\u00e9sben, hanem komplex m\u00f3don, a k\u00fcl\u00f6nb\u00f6z\u0151 szakm\u00e1k \u00e9s az \u00e9rintettekb\u0151l szervez\u0151d\u0151 \u00f6nk\u00e9ntesek, civil szervezetek szoros egy\u00fcttm\u0171k\u00f6d\u00e9s\u00e9ben val\u00f3sulnak meg. A settlement eszme jegy\u00e9ben a hangs\u00faly a szolg\u00e1ltat\u00e1sok eset\u00e9ben azon van, hogy ne csak szakemberek \u00e9s szakmai int\u00e9zm\u00e9nyek szolg\u00e1ltassanak, hanem az \u00e9rintettek is \u2013 az \u0151 seg\u00edts\u00e9g\u00fckkel. Az \u00fcgyes-bajos dolgok int\u00e9z\u00e9s\u00e9t\u0151l a megszervezett gyerekfel\u00fcgyeleten \u00e1t a betegl\u00e1togat\u00e1sig sz\u00e9les a sk\u00e1la, \u00e9s alkalom ny\u00edlik a k\u00f6z\u00f6ss\u00e9g er\u0151forr\u00e1sainak mozg\u00f3s\u00edt\u00e1s\u00e1ra.\u201d (Giczey 2012)<a href=\"#_ftn16\" name=\"_ftnref16\">[16]<\/a><\/p>\n<p>2007-benaz \u00c9LETFA Seg\u00edt\u0151 Szolg\u00e1lat\u00a0Egyes\u00fclet\u00a0kezdem\u00e9nyez\u00e9s\u00e9re elindult a h\u00e1l\u00f3zat szervez\u00e9se, melyhez 2010-re negyven \u00e9rdekl\u0151d\u0151 csatlakozott. \u201eMozgalmunk meghat\u00e1roz\u00e1sa szerint a settlement t\u00edpus\u00fa szervezetek lehetnek kis \u00f6nseg\u00edt\u0151 csoportok, de nagyobb szolg\u00e1ltat\u00f3 szervezetek is, aktivit\u00e1suk kiterjed a szoci\u00e1lis, gazdas\u00e1gi, kultur\u00e1lis, oktat\u00e1si \u00e9s k\u00f6rnyezetv\u00e9delmi sz\u00fcks\u00e9gletek teljes k\u00f6r\u00e9re, az \u00f3vod\u00e1kt\u00f3l az id\u0151sek klubj\u00e1ig, az eg\u00e9szs\u00e9g\u00fcgyi programokt\u00f3l az analfabetizmus elleni programokig, a hajl\u00e9ktalanok ell\u00e1t\u00e1s\u00e1ig.<br \/>\nTev\u00e9kenys\u00e9gek: k\u00f6z\u00f6ss\u00e9gfejleszt\u00e9s; a lakoss\u00e1g \u00e9letmin\u0151s\u00e9g\u00e9nek jav\u00edt\u00e1sa; inform\u00e1ci\u00f3 ny\u00fajt\u00e1sa, k\u00fcl\u00f6nb\u00f6z\u0151 emberek, csoportok \u00e9s k\u00f6z\u00f6ss\u00e9gek k\u00f6z\u00f6tti kommunik\u00e1ci\u00f3 seg\u00edt\u00e9se;\u00a0szervezeti \u00e9rdekv\u00e9delmi tev\u00e9kenys\u00e9g; k\u00e9pz\u00e9s, oktat\u00e1s; egyetemist\u00e1k, f\u0151iskol\u00e1sok bevon\u00e1sa.\u201d (Giczey 2015) <a href=\"#_ftn17\" name=\"_ftnref17\">[17]<\/a><\/p>\n<p>Az elt\u00f6k\u00e9lt hazai elindul\u00e1s t\u00f6rekv\u00e9sei el\u00e9 akad\u00e1lyok g\u00f6rd\u00fcltek. A cs\u00f6kken\u0151 aktivit\u00e1s, a fenntarthat\u00f3s\u00e1got biztos\u00edt\u00f3 finansz\u00edroz\u00e1s elmarad\u00e1sa mellett a szeml\u00e9letm\u00f3d alakul\u00e1s\u00e1val is szembe kellett n\u00e9znie a mozgalomnak. A 2015-ben kelt \u00f6sszegz\u00e9s alapj\u00e1n \u00fagy t\u0171nik, hogy a hazai mozgalom az elindul\u00e1sban ugyan akt\u00edv \u00e9s elk\u00f6telezett, azonban a folyamatos m\u0171k\u00f6d\u00e9shez, m\u0171k\u00f6dtet\u00e9s\u00e9hez m\u00e9g nem teremt\u0151d\u00f6tt meg a felt\u00e9telrendszer. Arr\u00f3l, hogy ma Magyarorsz\u00e1gon h\u00e1ny settlement t\u00edpus\u00fa k\u00f6z\u00f6ss\u00e9gi t\u00e9r m\u0171k\u00f6dik, nincs el\u00e9rhet\u0151 inform\u00e1ci\u00f3.<\/p>\n<p><strong>VI. Biztos Kezdet Gyerekh\u00e1zak<\/strong><\/p>\n<p>\u201eA Biztos Kezdet Gyerekh\u00e1zak c\u00e9lcsoportj\u00e1t a h\u00e1tr\u00e1nyos helyzet\u0171 telep\u00fcl\u00e9seken, telep\u00fcl\u00e9sr\u00e9szeken \u00e9l\u0151, 0-5 \u00e9ves gyereket nevel\u0151 csal\u00e1dok alkotj\u00e1k, akik korl\u00e1tozottan, vagy egy\u00e1ltal\u00e1n nem f\u00e9rnek hozz\u00e1 a j\u00f3 min\u0151s\u00e9g\u0171 szolg\u00e1ltat\u00e1sokhoz, napk\u00f6zbeni ell\u00e1t\u00e1shoz. A Gyerekh\u00e1z es\u00e9lyt ad arra, hogy a legnagyobb szeg\u00e9nys\u00e9gben \u00e9l\u0151 gyermekek is a lehet\u0151 legkor\u00e1bbi \u00e9letkorban megkapj\u00e1k azt a t\u00e1mogat\u00e1st, ami seg\u00edti k\u00e9pess\u00e9geik optim\u00e1lis kibontakoz\u00e1s\u00e1t \u00e9s megalapozza sikeres iskolai p\u00e1lyafut\u00e1sukat.\u201d<a href=\"#_ftn18\" name=\"_ftnref18\">[18]<\/a><\/p>\n<p>A szint\u00e9n angol mint\u00e1ra \u00e9p\u00fcl\u0151 modell els\u0151 k\u00eds\u00e9rletei 2004-ben indultak, ezt k\u00f6vet\u0151en 2006-ban a Szoci\u00e1lis \u00e9s Munka\u00fcgyi Miniszt\u00e9rium t\u00e1mogat\u00e1s\u00e1val 52 helyen indulhatott meg a Biztos Kezdet program a 2000 f\u0151 feletti telep\u00fcl\u00e9seken, jellemz\u0151en v\u00e1rosokban. A szorosan gyermekek fejleszt\u00e9s\u00e9re ir\u00e1nyul\u00f3 szakmai feladatok ell\u00e1t\u00e1sa mellett maga a t\u00e9r k\u00f6z\u00f6ss\u00e9gi t\u00e9rk\u00e9nt is szolg\u00e1lt, hiszen a gyermekek kiz\u00e1r\u00f3lag a sz\u00fcleikkel egy\u00fctt lehettek az \u00e9p\u00fcletekben, s a gyermekfoglalkoz\u00e1sok, fejleszt\u00e9sek mellett intenz\u00edven jelentek meg a sz\u00fcl\u0151ket, csal\u00e1dokat megsz\u00f3l\u00edt\u00f3 programelemek is.<\/p>\n<p>2015-ben a Gyerekes\u00e9ly programba \u2013 jobb\u00e1ra \u2013 h\u00e1tr\u00e1nyos helyzetben l\u00e9v\u0151 telep\u00fcl\u00e9sek ny\u00fajthattak be p\u00e1ly\u00e1zatot Biztos Kezdet Gyerekh\u00e1z kialak\u00edt\u00e1s\u00e1ra \u00e9s m\u0171k\u00f6dtet\u00e9s\u00e9re; az eredm\u00e9nyekr\u0151l 2018-ban k\u00e9sz\u00fclt esettanulm\u00e1ny<a href=\"#_ftn19\" name=\"_ftnref19\">[19]<\/a> kit\u00e9r a k\u00f6z\u00f6ss\u00e9gi t\u00e9r szolg\u00e1ltat\u00e1si ter\u00fcleteire, melyeket els\u0151sorban a gyerekh\u00e1zba j\u00e1r\u00f3 sz\u00fcl\u0151knek biztos\u00edtottak. Ezek alapj\u00e1n k\u00fcl\u00f6nb\u00f6z\u0151 tematikus besz\u00e9lget\u0151 k\u00f6r\u00f6k, illetve egy\u00e9ni besz\u00e9lget\u00e9sek tervez\u00e9se rajzol\u00f3dik ki. Mindezek mellett klub form\u00e1ban jelennek meg k\u00e9zm\u0171ves foglalkoz\u00e1sok, f\u0151z\u00e9si ismeretek, h\u00e1ztart\u00e1si praktik\u00e1k, eg\u00e9szs\u00e9ges \u00e9letm\u00f3ddal kapcsolatos csoportos besz\u00e9lget\u00e9sek a v\u00e9d\u0151n\u0151vel, szakemberekkel, n\u00e9pszok\u00e1sok az \u00e9vi \u00fcnnepk\u00f6r\u00f6kkel kapcsolatban, aktu\u00e1lis t\u00e9m\u00e1k az \u00f3vodai, iskolai beiratkoz\u00e1ssal kapcsolatban. K\u00fcls\u0151 megh\u00edvott el\u0151ad\u00f3, foglalkoz\u00e1svezet\u0151 \u2013 b\u00e1r ig\u00e9ny mutatkozik r\u00e1 \u2013 forr\u00e1shi\u00e1ny miatt nem, vagy csak eleny\u00e9sz\u0151en jelenik meg.<\/p>\n<p>\u201eA k\u00f6lts\u00e9gvet\u00e9si forr\u00e1sb\u00f3l finansz\u00edrozott, a jelen kutat\u00e1s sor\u00e1n felkeresett h\u00e1zak vezet\u0151inek az interj\u00faib\u00f3l lesz\u0171rhet\u0151 tov\u00e1bb\u00e1, hogy jelenleg hi\u00e1nyzik a r\u00e9gebb \u00f3ta a programban dolgoz\u00f3k folyamatos ismeretmeg\u00faj\u00edt\u00e1sa, a programba \u00fajonnan bel\u00e9p\u0151k alap-, \u00e9s tov\u00e1bbk\u00e9pz\u00e9se, a munkat\u00e1rsak \u00e9s vezet\u0151k rendszeres szakmai tapasztalatcser\u00e9je, azaz az \u00fagynevezett h\u00e1l\u00f3zati tanul\u00e1s \u00e9rt\u00e9keinek fel-, \u00e9s kihaszn\u00e1l\u00e1sa.\u201d (N\u00e9meth 2018, 33. o.)<\/p>\n<p><strong>VII. Elfogults\u00e1g n\u00e9lk\u00fcl a Mag-h\u00e1zr\u00f3l<\/strong><\/p>\n<p>A Kom\u00e1romban kialak\u00edtott Mag-h\u00e1z a \u201e<em>k\u00f6z\u00f6ss\u00e9gi m\u0171vel\u0151d\u00e9s k\u00edv\u00e1natos szervezet\u00e9nek<\/em>\u201d modellj\u00e9t alapul v\u00e9ve m\u0171k\u00f6d\u0151 k\u00f6z\u00f6ss\u00e9gi t\u00e9r, amit az \u00e9p\u00fclet tulajdonos szervezet\u00e9n (<em>\u00c9lett\u00e9r Egyes\u00fclet<\/em>) k\u00edv\u00fcl tov\u00e1bbi \u00f6t szervezet konzorciuma m\u0171k\u00f6dtet \u00e9s \u00fczemeltet a civil \u00f6nkorm\u00e1nyzatis\u00e1g \u00e9s kontroll alapelv\u00e9n.<\/p>\n<p><img loading=\"lazy\" decoding=\"async\" class=\"size-medium wp-image-1013 alignright\" src=\"https:\/\/kofe.hu\/parola\/wp-content\/uploads\/2019\/11\/Oszt\u00e1lyk\u00f6z\u00f6ss\u00e9g-fejleszt\u00e9s-300x201.jpg\" alt=\"\" width=\"300\" height=\"201\" srcset=\"https:\/\/kofe.hu\/parola\/wp-content\/uploads\/2019\/11\/Oszt\u00e1lyk\u00f6z\u00f6ss\u00e9g-fejleszt\u00e9s-300x201.jpg 300w, https:\/\/kofe.hu\/parola\/wp-content\/uploads\/2019\/11\/Oszt\u00e1lyk\u00f6z\u00f6ss\u00e9g-fejleszt\u00e9s-768x514.jpg 768w, https:\/\/kofe.hu\/parola\/wp-content\/uploads\/2019\/11\/Oszt\u00e1lyk\u00f6z\u00f6ss\u00e9g-fejleszt\u00e9s-1024x686.jpg 1024w, https:\/\/kofe.hu\/parola\/wp-content\/uploads\/2019\/11\/Oszt\u00e1lyk\u00f6z\u00f6ss\u00e9g-fejleszt\u00e9s-10x7.jpg 10w, https:\/\/kofe.hu\/parola\/wp-content\/uploads\/2019\/11\/Oszt\u00e1lyk\u00f6z\u00f6ss\u00e9g-fejleszt\u00e9s-2000x1339.jpg 2000w, https:\/\/kofe.hu\/parola\/wp-content\/uploads\/2019\/11\/Oszt\u00e1lyk\u00f6z\u00f6ss\u00e9g-fejleszt\u00e9s.jpg 2048w\" sizes=\"auto, (max-width: 300px) 100vw, 300px\" \/>A Mag-h\u00e1zat 2007-ben nyitottuk meg; m\u00e1sf\u00e9l \u00e9ves intenz\u00edv \u00f6sszefog\u00e1ssal, \u00f6nk\u00e9ntes munk\u00e1val \u00e9s jelent\u0151s anyagi t\u00e1mogat\u00e1ssal (egyes\u00fcleti mag\u00e1nszem\u00e9lyekt\u0151l) k\u00e9sz\u00fclt el. Folyamatos b\u0151v\u00edt\u00e9se a szolg\u00e1ltat\u00e1si k\u00edn\u00e1lat gyarap\u00edt\u00e1s\u00e1t is biztos\u00edtja.<\/p>\n<p>A tulajdonos szervezet m\u00e1r a fizikai \u00e9p\u00edtkez\u00e9s sor\u00e1n t\u00f6rekedett a fenntarthat\u00f3s\u00e1gra, \u00edgy m\u00f3dszeresen kutatta azokat a lehet\u0151s\u00e9geket, amelyek hossz\u00fa t\u00e1vra is biztos\u00edthatj\u00e1k az \u00fczemeltet\u00e9st \u00e9s fenntart\u00e1st. A <em>Mag-h\u00e1z modell<\/em> a franciaorsz\u00e1gi <em>MJC (Maisons des Jeunes et de la Culture<\/em> &#8211; ifj\u00fas\u00e1gi \u00e9s k\u00f6z\u00f6ss\u00e9gi h\u00e1z) adapt\u00e1ci\u00f3j\u00e1b\u00f3l alakult ki, melynek alappill\u00e9re a k\u00f6z\u00f6ss\u00e9gi (szervezeti) \u00f6sszefog\u00e1s, egy\u00fcttm\u0171k\u00f6d\u00e9s.<\/p>\n<p>A Mag-h\u00e1z alapj\u00e1t azok az egyes\u00fcletek, alap\u00edtv\u00e1nyok jelentik, melyek k\u00f6z\u00f6s, k\u00f6z\u00f6ss\u00e9gi \u00e9s gazdas\u00e1gi megfontol\u00e1sokon nyugv\u00f3, elhat\u00e1roz\u00e1sb\u00f3l egy\u00fcttm\u0171k\u00f6dve \u00fczemeltetik.<\/p>\n<p>\u00c9rdek\u00fckben \u00e1ll, hogy k\u00f6z\u00f6sen tartsanak fenn szakmai vezet\u00e9st, titk\u00e1rs\u00e1got, k\u00f6nyvel\u00e9st, hogy k\u00f6z\u00f6sen, \u00e9s \u00edgy hat\u00e9konyabban, haszn\u00e1lj\u00e1k ki helyis\u00e9geiket. A Mag-h\u00e1z jobban k\u00e9pviseli a lakoss\u00e1g soksz\u00edn\u0171 \u00e9rdekl\u0151d\u00e9s\u00e9t \u00e9s k\u00fcl\u00f6nf\u00e9le \u00e9rdekeit, a \u201ek\u00f6z\u00f6s\u201d k\u00f6lts\u00e9gvet\u00e9sbe befoly\u00f3 \u00f6sszegek sokr\u00e9t\u0171bb tev\u00e9kenys\u00e9get tesznek lehet\u0151v\u00e9, mint ha minden elapr\u00f3zva, szervezeti szinten t\u00f6rt\u00e9nne. Az egyes\u00fcl\u00e9si szabads\u00e1g \u00e9rtelm\u00e9ben term\u00e9szetesen b\u00e1rmelyik szekci\u00f3nak b\u00e1rmikor jog\u00e1ban \u00e1ll kil\u00e9pni a konzorciumb\u00f3l, \u00e9s \u00f6n\u00e1ll\u00f3an folytatni a tev\u00e9kenys\u00e9g\u00e9t.<\/p>\n<p>A Mag-h\u00e1zat \u00f6sszefog\u00f3 konzorciumon k\u00edv\u00fcl vannak egy\u00fcttm\u0171k\u00f6d\u0151 \u00e9s t\u00e1rsult tagok is. A t\u00e1rsult tagok k\u00f6z\u00f6tt egyar\u00e1nt tal\u00e1lhatunk jogi szem\u00e9lyeket \u00e9s olyan szakembereket, akiket hozz\u00e1\u00e9rt\u00e9s\u00fck, szak\u00e9rtelm\u00fck miatt h\u00edvnak be a m\u0171k\u00f6dtet\u00e9sbe. Az egy\u00fcttm\u0171k\u00f6d\u0151 tagok kiz\u00e1r\u00f3lag jogi szem\u00e9lyek, akik projektek, programok, fejleszt\u00e9sek ter\u00fclet\u00e9n, egy-egy c\u00e9l megval\u00f3s\u00edt\u00e1s\u00e1ra k\u00f6t\u00f6tt meg\u00e1llapod\u00e1s keret\u00e9n bel\u00fcl kapcsol\u00f3dnak a konzorcium valamely tagj\u00e1hoz.<\/p>\n<p>A konzorcium \u00e9vente egyszer k\u00f6zgy\u0171l\u00e9st tart (az egy szervezet-egy szavazat elve alapj\u00e1n), amelyet a szakmai vezet\u0151 h\u00edv \u00f6ssze \u00edr\u00e1sban. Az egyes\u00fcleti m\u0171k\u00f6d\u00e9shez hasonl\u00f3an itt is a k\u00f6zgy\u0171l\u00e9s vitatja meg \u00e9s fogadja el a konzorcium (Mag-h\u00e1z), valamint annak tagszervezetei (egyes\u00fcletek) tev\u00e9kenys\u00e9g\u00e9r\u0151l sz\u00f3l\u00f3 tartalmi \u00e9s p\u00e9nz\u00fcgyi besz\u00e1mol\u00f3t, meghat\u00e1rozza a k\u00f6vetkez\u0151 \u00e9vi k\u00f6lts\u00e9gvet\u00e9st \u00e9s szakmai ir\u00e1nyvonalakat, megvitatja a tagszervezetek szuver\u00e9n t\u00f6rekv\u00e9seit, s azok kapcsol\u00f3d\u00e1sait a konzorciumhoz. A k\u00f6zgy\u0171l\u00e9s a d\u00f6nt\u00e9seket abszol\u00fat sz\u00f3t\u00f6bbs\u00e9ggel hozza meg. A term\u00e9szetes \u00e9s a jogi szem\u00e9lyeknek egyar\u00e1nt egy szavazatuk van. A konzorcium l\u00e9tsz\u00e1m\u00e1t a konzorciumot alkot\u00f3 szervezetek k\u00e9pvisel\u0151i alkotj\u00e1k \u00e9s biztos\u00edtj\u00e1k. A hat\u00e1rozatok megval\u00f3s\u00edt\u00e1s\u00e1t a konzorcium \u00e1ltal megb\u00edzott szakmai vezet\u00e9s ir\u00e1ny\u00edtja a konzorcium er\u0151forr\u00e1saira t\u00e1maszkodva.<\/p>\n<p><img loading=\"lazy\" decoding=\"async\" class=\"size-medium wp-image-1014 alignright\" src=\"https:\/\/kofe.hu\/parola\/wp-content\/uploads\/2019\/11\/DSC_5414-300x201.jpg\" alt=\"\" width=\"300\" height=\"201\" srcset=\"https:\/\/kofe.hu\/parola\/wp-content\/uploads\/2019\/11\/DSC_5414-300x201.jpg 300w, https:\/\/kofe.hu\/parola\/wp-content\/uploads\/2019\/11\/DSC_5414-768x516.jpg 768w, https:\/\/kofe.hu\/parola\/wp-content\/uploads\/2019\/11\/DSC_5414-1024x688.jpg 1024w, https:\/\/kofe.hu\/parola\/wp-content\/uploads\/2019\/11\/DSC_5414-10x7.jpg 10w, https:\/\/kofe.hu\/parola\/wp-content\/uploads\/2019\/11\/DSC_5414-2000x1343.jpg 2000w, https:\/\/kofe.hu\/parola\/wp-content\/uploads\/2019\/11\/DSC_5414.jpg 2048w\" sizes=\"auto, (max-width: 300px) 100vw, 300px\" \/>A konzorciumot a megb\u00edzott szakmai vezet\u00e9s k\u00e9pviseli, ez a gr\u00e9mium rendeli el a kiad\u00e1sokat, \u00e9s hagyja j\u00f3v\u00e1 a bev\u00e9teleket, t\u00e1j\u00e9koztatja a konzorcium tagszervezeteit a cselekv\u00e9s ir\u00e1nyvonalair\u00f3l, \u00e9s fel\u00fcgyeli azok v\u00e9grehajt\u00e1s\u00e1t. A konzorcium nem a t\u00e1rsadalmi egyenl\u0151s\u00e9g, hanem a t\u00e1rsadalmi igazs\u00e1goss\u00e1g elv\u00e9n m\u0171k\u00f6dik, ami azt jelenti, hogy tagjai saj\u00e1t emberi \u00e9s anyagi forr\u00e1saik lehet\u0151s\u00e9geivel csatlakoznak. \u00cdgy a tagszervezetek nem egys\u00e9gesen egyenl\u0151 m\u00e9rt\u00e9kben, hanem er\u0151forr\u00e1saiknak megfelel\u0151en j\u00e1rulnak hozz\u00e1 a k\u00f6z\u00f6s c\u00e9lok megval\u00f3s\u00edt\u00e1s\u00e1hoz. A 12 \u00e9ve zavartalanul m\u0171k\u00f6dtetett k\u00f6z\u00f6ss\u00e9gi t\u00e9r \u00fagy t\u00f6lti be funkci\u00f3j\u00e1t, hogy a benne tev\u00e9kenyked\u0151 szervezetek auton\u00f3m c\u00e9lkit\u0171z\u00e9seire \u00e9p\u00edtve gazdag \u00e9letteret biztos\u00edt a helyi k\u00f6z\u00f6ss\u00e9geknek.<\/p>\n<p>A Mag-h\u00e1z a demokr\u00e1cia v\u00e9dett m\u0171helye; rajta k\u00edv\u00fcl t\u00f6bbnyire csak k\u00fcl\u00f6nf\u00e9le hierarchi\u00e1kban, al\u00e1- \u00e9s f\u00f6l\u00e9rendelts\u00e9gi viszonyokban, t\u00falszab\u00e1lyozottan tehetj\u00fck a dolgunkat. A Mag-h\u00e1z ide\u00e1lis k\u00f6zeget biztos\u00edt a m\u00e1sokkal val\u00f3 egyenrang\u00fa \u00e9s szolid\u00e1ris egy\u00fcttm\u0171k\u00f6d\u00e9s megtanul\u00e1s\u00e1ra, begyakorl\u00e1s\u00e1ra. Persze nyilv\u00e1nval\u00f3an nem lehet \u201ecsak \u00fagy\u201d egy\u00fcttm\u0171k\u00f6d\u00e9st gener\u00e1lni; kell hozz\u00e1 egy k\u00f6z\u00f6sen felv\u00e1llalt c\u00e9l \u00e9s feladatrendszer, melyek ment\u00e9n kikrist\u00e1lyosodnak nemcsak a tennival\u00f3k, hanem a m\u00e9g nem ismert vez\u00e9regy\u00e9nis\u00e9gek \u00e9s a k\u00fcl\u00f6nf\u00e9le szerepeket bet\u00f6lt\u0151 szem\u00e9lyek is.<\/p>\n<p>\u201eA civil strukt\u00fara kialak\u00edt\u00e1sa c\u00e9l \u00e9s eszk\u00f6z <em>a tudatosabb polg\u00e1ri l\u00e9t meg\u00e9l\u00e9s\u00e9re, egyidej\u0171leg mintateremt\u0151 gyakorl\u00f3hely a telep\u00fcl\u00e9si demokr\u00e1cia m\u0171k\u00f6d\u00e9s\u00e9re<\/em>. [\u2026] A benne egy\u00fcttm\u0171k\u00f6d\u0151k a t\u00e1rsadalmi \u00e9letben val\u00f3 akt\u00edv r\u00e9szv\u00e9tel lehet\u0151s\u00e9g\u00e9t adj\u00e1k azoknak, akik ezt sz\u00edvesen fogadj\u00e1k, s \u00edgy cselekv\u00e9si teret-terepet is biztos\u00edtanak.[\u2026] Ez pedig nem m\u00e1s, mint a polg\u00e1ri t\u00e1rsadalmak alapja; az \u00f6nk\u00e9ntess\u00e9g, az \u00f6ntev\u00e9kenys\u00e9g, az \u00f6nkorm\u00e1nyz\u00e1s, az \u00f6nigazgat\u00e1s.\u201d A k\u00f6z\u00f6ss\u00e9gi t\u00e9r feladata, hogy \u201ek\u00f6zrem\u0171k\u00f6dj\u00f6n a helyb\u00e9li t\u00e1rsadalom bar\u00e1ts\u00e1gos, \u0151szinte \u00e9s szolid\u00e1ris viszonyainak ki\u00e9p\u00edt\u00e9s\u00e9ben.\u201d A benne m\u0171k\u00f6d\u0151 szervezetek &#8211; m\u00e9g ha azok tagjai mag\u00e1nemberk\u00e9nt kapcsol\u00f3d(hat)nak is k\u00fcl\u00f6nb\u00f6z\u0151 ideol\u00f3giai, felekezeti, stb. ir\u00e1nyvonalakhoz \u00e9s n\u00e9zetekhez -, egys\u00e9gesen, mindenf\u00e9le p\u00e1rtpolitikai ir\u00e1nyzatt\u00f3l f\u00fcggetlen\u00fcl v\u00e9gzik a tev\u00e9kenys\u00e9geiket.<a href=\"#_ftn20\" name=\"_ftnref20\">[20]<\/a><\/p>\n<p><strong>\u00d6sszess\u00e9g\u00e9ben<\/strong> meg\u00e1llap\u00edthatjuk, hogy k\u00f6z\u00f6ss\u00e9gi t\u00e9r m\u0171k\u00f6dtet\u00e9s\u00e9hez alapvet\u0151en \u00f6t meghat\u00e1roz\u00f3 t\u00e9nyez\u0151re van sz\u00fcks\u00e9g\u00fcnk. Legyen fizikai ter\u00fcnk, ahol \u00f6sszej\u00f6v\u00fcnk. A tulajdonosi l\u00e9tn\u00e9l fontosabb az \u00fczemeltet\u0151i k\u00f6r, mely a helyi t\u00e1rsadalom tagjaib\u00f3l, k\u00f6z\u00f6ss\u00e9geib\u0151l \u00e1ll. Az infrastruktur\u00e1lis felt\u00e9telekn\u00e9l fontosabbak a helyi er\u0151forr\u00e1sok, melyekre \u00e9p\u00edt\u00fcnk, t\u00e1maszkodunk. S nem feledkezhet\u00fcnk meg a k\u00f6z\u00f6ss\u00e9gi t\u00e9r funkci\u00f3j\u00e1r\u00f3l, a k\u00f6z\u00f6ss\u00e9gi szolg\u00e1ltat\u00e1si k\u00edn\u00e1latr\u00f3l sem. A k\u00f6z\u00f6ss\u00e9g <a href=\"https:\/\/cskwiki.hu\/bevonas\/\">bevon\u00e1s<\/a>\u00e1val fel kell m\u00e9rni a telep\u00fcl\u00e9s ig\u00e9nyeit, meg kell vizsg\u00e1lni a m\u00e1r adott szolg\u00e1ltat\u00e1sokat, s egy\u00fcttm\u0171k\u00f6d\u00e9st kell gener\u00e1lni az integr\u00e1lhat\u00f3 ter\u00fcleteken. Nem csak a szolg\u00e1ltat\u00e1si ter\u00fcleteken c\u00e9lszer\u0171 \u00e9s k\u00edv\u00e1natos az integr\u00e1ci\u00f3, hanem a k\u00f6zrem\u0171k\u00f6d\u0151i k\u00f6rn\u00e9l is. T\u00f6rekedn\u00fcnk kell teh\u00e1t arra, hogy az adott telep\u00fcl\u00e9s szomsz\u00e9ds\u00e1gait, k\u00f6z\u00f6ss\u00e9geit min\u00e9l sz\u00e9lesebb k\u00f6rben megsz\u00f3l\u00edtsuk, bevonjuk, majd pedig egy\u00fcttm\u0171k\u00f6dj\u00fcnk vel\u00fck. Ez az \u00fan. t\u00e1rsadalmi t\u0151k\u00e9nk, amire t\u00e1maszkodhatunk, ami biztos\u00edthatja a folyamatos innov\u00e1ci\u00f3t \u00e9s fenntarthat\u00f3s\u00e1got.<\/p>\n<p>A k\u00f6z\u00f6ss\u00e9gi terek t\u00e1rsadalmias\u00edt\u00e1s\u00e1val a k\u00f6z\u00f6ss\u00e9gi t\u00e9rnek lehet\u0151s\u00e9get kell adnia a lakoss\u00e1gi kezdem\u00e9nyez\u00e9seknek. Ha megadjuk az egy\u00e9neknek a bizalmat \u00e9s a lehet\u0151s\u00e9get, akkor akt\u00edvak lesznek azok a felel\u0151s \u00e9s cselekv\u0151 \u00e1llampolg\u00e1rok, akik nem csak elv\u00e1rj\u00e1k a szolg\u00e1ltat\u00e1sok megl\u00e9t\u00e9t, hanem tesznek \u00f6nmaguk\u00e9rt, sz\u0171kebb \u00e9s t\u00e1gabb k\u00f6rnyezet\u00fck\u00e9rt, \u00e9s e pozit\u00edv \u00e9rt\u00e9kek ment\u00e9n maguk is a szolg\u00e1ltat\u00e1sok gener\u00e1torai lesznek.<\/p>\n<p>A k\u00f6z\u00f6ss\u00e9gi szolg\u00e1ltat\u00e1sok alapvet\u00e9se, hogy az \u00e1lland\u00f3an v\u00e1ltoz\u00f3 \u00e9s folyamatosan meg\u00fajul\u00f3 t\u00e1rsadalmi ig\u00e9nyekhez igazodnak. Az integr\u00e1lt k\u00f6z\u00f6ss\u00e9gi teret m\u0171k\u00f6dtet\u0151knek figyelemmel kell lenni\u00fck a megjelen\u0151 ig\u00e9nyekre, \u00e9s a szolg\u00e1ltat\u00e1si portf\u00f3li\u00f3t is ennek megfelel\u0151en kell v\u00e1ltoztatni, term\u00e9szetesen a p\u00e9nz\u00fcgyi lehet\u0151s\u00e9gek figyelembe v\u00e9tel\u00e9vel.<\/p>\n<p>Az integr\u00e1lt k\u00f6z\u00f6ss\u00e9gi \u00e9s szolg\u00e1ltat\u00f3 terek a cselekv\u0151k\u00e9pes egy\u00e9n kibontakoz\u00e1si lehet\u0151s\u00e9g\u00e9nek megteremt\u00e9se mellett egy t\u00e9rben teszik lehet\u0151v\u00e9, s a rendszeres nyitva tart\u00e1ssal el\u00e9rhet\u0151v\u00e9 a lakoss\u00e1g sz\u00e1m\u00e1ra a helyben relev\u00e1ns szolg\u00e1ltat\u00e1sokat. A t\u00f6bb funkci\u00f3t ell\u00e1t\u00f3 tereknek nyitottnak kell lenni minden olyan szolg\u00e1ltat\u00e1sra, amely a helyi lakoss\u00e1g ig\u00e9nyeiben mer\u00fcl fel.<a href=\"#_ftn21\" name=\"_ftnref21\">[21]<\/a><\/p>\n<p>Eml\u00edtettem az \u00e9p\u00fcletet, azt m\u0171k\u00f6dtet\u0151 k\u00f6z\u00f6ss\u00e9geit, s szolg\u00e1ltat\u00e1si k\u00edn\u00e1lat\u00e1t. Ki kell t\u00e9rj\u00fcnk m\u00e9g a koordin\u00e1l\u00e1sra, azaz a szakemberi felt\u00e9telekre, valamint a szolg\u00e1ltat\u00e1st \u00e9s \u00e9p\u00fcletet fenntart\u00f3i felt\u00e9telekre. A j\u00f3 k\u00f6z\u00f6ss\u00e9gi szakember n\u00e9lk\u00fcl\u00f6zhetetlen a folyamatban. Beke szerint \u00e9ppen ez a form\u00e1ci\u00f3 ig\u00e9nyli a n\u00e9pm\u0171vel\u0151k\u00e9nt alkalmazott szakemberek jelenlegin\u00e9l l\u00e9nyegesen magasabb sz\u00e1m\u00e1t, ak\u00e1rcsak a jelenlegin\u00e9l differenci\u00e1ltabb munk\u00e1jukat. Ez jelentheti helyb\u00e9li megbecs\u00fcl\u00e9s\u00fck jelenlegin\u00e9l magasabb szintj\u00e9t is. Ez a m\u0171k\u00f6d\u00e9si forma sz\u00fcks\u00e9gelteti \u00e9s ig\u00e9nyli legink\u00e1bb kezdem\u00e9nyez\u0151k\u00e9szs\u00e9g\u00fcket, k\u00f6z\u00f6ss\u00e9gfejleszt\u0151i k\u00e9pess\u00e9g\u00fcket; e form\u00e1ci\u00f3ban alkalmazva v\u00e1lik legink\u00e1bb nyilv\u00e1nval\u00f3v\u00e1, hogy a t\u00e1rsadalomfejleszt\u00e9s legfontosabb helyb\u00e9li szerepl\u0151i \u00e9ppen \u0151k.<a href=\"#_ftn22\" name=\"_ftnref22\">[22]<\/a><\/p>\n<p>A fenntart\u00f3i felt\u00e9telek szinte valamennyi k\u00f6z\u00f6ss\u00e9gi t\u00e9rn\u00e9l s\u00e9r\u00fclnek, s\u00e9r\u00fcltek. A k\u00f6zm\u0171vel\u0151d\u00e9si rendszerekben m\u0171k\u00f6dtetett m\u0171vel\u0151d\u00e9si h\u00e1zak folyamatos finansz\u00edroz\u00e1si gondokkal k\u00fczdenek. Az \u00e9p\u00fcletek, az alkalmazotti k\u00f6r, a szolg\u00e1ltat\u00e1si k\u00edn\u00e1lat nem biztos\u00edthat\u00f3 a jelenlegi \u00e1llami normat\u00edv\u00e1b\u00f3l. Az az \u00f6nkorm\u00e1nyzat vagy civil szervezet, mely nem tud egy\u00e9b k\u00fcls\u0151 forr\u00e1sokat bevonni, nehezen boldogul. A k\u00fcls\u0151 p\u00e1ly\u00e1zati forr\u00e1sok is sz\u0171k\u00fclnek a kult\u00fara \u00e9s a civil ter\u00fcleten egyar\u00e1nt, a sokat hangoztatott k\u00f6z\u00f6ss\u00e9gi gazdas\u00e1g \u00e9s\/vagy v\u00e1llalkoz\u00e1sok ir\u00e1ny\u00e1ba m\u00e9g kevesen indultak el, s nagy v\u00e1ltoz\u00e1sok ott sem m\u00e9rhet\u0151ek. Ugyanez jellemz\u0151 a t\u00f6bbi k\u00f6z\u00f6ss\u00e9gi sz\u00ednt\u00e9rre is. N\u00e1luk azonban m\u00e9g az is elmondhat\u00f3, hogy a kezdeti t\u00e1mogatott indul\u00e1sokat a folyamatos kivonul\u00e1s, vagy a teljes t\u00e1mogat\u00e1si strukt\u00fara elvon\u00e1sa jellemzi.<\/p>\n<p>A fenntarthat\u00f3s\u00e1g nem megoldhat\u00f3 puszt\u00e1n az egyik oldalr\u00f3l, nem elegend\u0151 a kiz\u00e1r\u00f3lagos \u00e1llami vagy m\u00e1s fenntart\u00f3i (\u00f6nkorm\u00e1nyzati, civil, v\u00e1llalkoz\u00f3i) szerepv\u00e1llal\u00e1s. Sz\u00fcks\u00e9ges a szektork\u00f6zi egyeztet\u00e9s, a partners\u00e9g. Az \u00e1llamnak saj\u00e1t \u00e9rdek\u00e9ben r\u00e1 kell \u00e9brednie, hogy tart\u00f3s berendezked\u00e9sre akkor sz\u00e1m\u00edthat, ha \u00e1llampolg\u00e1rai el\u00e9gedettek, ha j\u00f3l \u00e9s biztons\u00e1gban \u00e9rzik magukat, ha alapvet\u0151 sz\u00fcks\u00e9gleteik \u00e9s k\u00f6z\u00f6ss\u00e9gi \u00e9rdekeik nem s\u00e9r\u00fclnek. Ehhez azonban nem csak besz\u00e9lni kell r\u00f3luk, hanem besz\u00e9lni kell vel\u00fck. \u00c1t kell engedni szerepeket, feladatokat, felel\u0151ss\u00e9geket. Ennek a folyamatnak lehetnek sz\u00ednterei a k\u00f6z\u00f6ss\u00e9gi terek.<\/p>\n<p><a href=\"#_ftnref1\" name=\"_ftn1\">[1]<\/a> A cikk meg\u00edr\u00e1s\u00e1ban Monostori \u00c1d\u00e1m ny\u00fajtott \u00e9rt\u00e9kes seg\u00edts\u00e9get<\/p>\n<p><a href=\"#_ftnref2\" name=\"_ftn2\">[2]<\/a> Hunyadi Zsuzsa (2004a): A budapestiek kultur\u00e1lis szok\u00e1sai. [Tal\u00e1lkoz\u00e1sok a kult\u00far\u00e1val 3.] Budapest, Magyar M\u0171vel\u0151d\u00e9si Int\u00e9zet \u2013 MTA Szociol\u00f3giai Kutat\u00f3 Int\u00e9zet. 112-116. o.<\/p>\n<p><a href=\"#_ftnref3\" name=\"_ftn3\">[3]<\/a> Moln\u00e1r Aranka &#8211; Pet\u00e1k P\u00e9ter &#8211; Vercseg Ilona (2014): K\u00f6z\u00f6ss\u00e9gi lehet\u0151s\u00e9gek a m\u00e9lyszeg\u00e9nys\u00e9g elleni k\u00fczdelemben. \u00d6nszervez\u0151d\u00e9s \u00e9s szakmak\u00f6zi egy\u00fcttm\u0171k\u00f6d\u00e9s. Budapest, 42. o. K\u00e9sz\u00fclt a \u201eK\u00f6z\u00f6ss\u00e9gi felz\u00e1rk\u00f3ztat\u00e1s a m\u00e9lyszeg\u00e9nys\u00e9gben \u00e9l\u0151k integr\u00e1ci\u00f3j\u00e1\u00e9rt program szakmai koordin\u00e1ci\u00f3ja\u201d c\u00edm\u0171 projekt (T\u00c1MOP 5.1.3-09\/1-2009-0002) keret\u00e9ben. A projekt f\u0151p\u00e1ly\u00e1z\u00f3ja az Auton\u00f3mia Alap\u00edtv\u00e1ny, konzorciumi partnerei a K\u00f6z\u00f6ss\u00e9gfejleszt\u0151k Egyes\u00fclete, a Lechner Lajos Tud\u00e1sk\u00f6zpont Nonprofit Kft. (kor\u00e1bban: V\u00c1TI Nonprofit Kft.) \u00e9s a Szoci\u00e1lis Szakmai Sz\u00f6vets\u00e9g. <a href=\"http:\/\/melyszegenyseg.hu\/dokumentum_tar\/htmls\/\">http:\/\/melyszegenyseg.hu\/dokumentum_tar\/htmls\/<\/a><\/p>\n<p><a href=\"#_ftnref4\" name=\"_ftn4\">[4]<\/a> G. Furuly\u00e1s Katalin: <a href=\"http:\/\/www.kulturalisszemle.hu\/5-szam\/hazai-tudomanyos-muhely\/g-furulyas-katalin-a-muvelodesi-haz-a-lakossagi-velekedesek-tukreben-2016-07-28\">A m\u0171vel\u0151d\u00e9si h\u00e1z a lakoss\u00e1gi v\u00e9leked\u00e9sek t\u00fckr\u00e9ben<\/a>. Kultur\u00e1lis Szemle, 2016. j\u00falius.<\/p>\n<p><a href=\"#_ftnref5\" name=\"_ftn5\">[5]<\/a> Vercseg, Ilona (1993): \u00daj foglalkoz\u00e1s alakul? In: K\u00f6zm\u0171vel\u0151d\u00e9s a t\u00e1rsadalmi v\u00e1ltoz\u00e1sokban. A Magyar Honv\u00e9ds\u00e9g K\u00f6zm\u0171vel\u0151d\u00e9si \u00e9s M\u0171v\u00e9szeti F\u0151igazgat\u00f3s\u00e1ga \u00e9s a Honv\u00e9d Kultur\u00e1lis Egyes\u00fclet k\u00f6z\u00f6s kiadv\u00e1nya, Budapest<\/p>\n<p><a href=\"#_ftnref6\" name=\"_ftn6\">[6]<\/a> G. Furuly\u00e1s, Katalin (2005): M\u00e1sodik r\u00e9sztanulm\u00e1ny \u201e<a href=\"http:\/\/epa.oszk.hu\/01300\/01306\/00087\/pdf\/\">A k\u00f6zm\u0171vel\u0151d\u00e9st \u00e9rint\u0151 jogszab\u00e1lyok hat\u00e1svizsg\u00e1lata<\/a>\u201d c\u00edm\u0171 kutat\u00e1shoz. SZ\u00cdN, 2005\/1, Budapest<\/p>\n<p><a href=\"#_ftnref7\" name=\"_ftn7\">[7]<\/a> <a href=\"https:\/\/sites.google.com\/site\/ongaikonyvtar\/telehaz\">https:\/\/sites.google.com\/site\/ongaikonyvtar\/telehaz<\/a><\/p>\n<p><a href=\"#_ftnref8\" name=\"_ftn8\">[8]<\/a> Hohl Ferenc: A teleh\u00e1zak szerepe a vid\u00e9kfejleszt\u00e9sben: hat\u00e1s- \u00e9s hat\u00e9konys\u00e1gvizsg\u00e1lat, Doktori Iskola: Gazd\u00e1lkod\u00e1s \u00e9s Szervez\u00e9studom\u00e1ny Doktori Iskola<\/p>\n<p><a href=\"#_ftnref9\" name=\"_ftn9\">[9]<\/a> Beke P\u00e1l (2010): <a href=\"http:\/\/mek.oszk.hu\/09400\/09417\/\">Saj\u00e1t m\u0171vel\u0151d\u00e9si otthonunk<\/a>. Civil K\u00f6z\u00f6ss\u00e9gi H\u00e1zak Magyarorsz\u00e1gi Egyes\u00fclete, Kom\u00e1rom.149-164 o.<\/p>\n<p><a href=\"#_ftnref10\" name=\"_ftn10\">[10]<\/a> Jelen szakmai \u00e1ttekint\u00e9sben nem sz\u00e1molunk a sportszervezetek \u00e9s azok k\u00f6z\u00f6ss\u00e9gi tereivel, kiz\u00e1r\u00f3lag a m\u0171vel\u0151d\u00e9s ter\u00fclet\u00e9n m\u0171k\u00f6dtetett k\u00f6z\u00f6ss\u00e9gi tereket \u00e9rintj\u00fck.<\/p>\n<p><a href=\"#_ftnref11\" name=\"_ftn11\">[11]<\/a> Beke M\u00e1rton-Ditzendy K\u00e1roly Arisztid (2010): Integr\u00e1lt k\u00f6z\u00f6ss\u00e9gi \u00e9s szolg\u00e1ltat\u00f3 terek. In. Beke P\u00e1l: Saj\u00e1t m\u0171vel\u0151d\u00e9si otthonunk. Civil K\u00f6z\u00f6ss\u00e9gi H\u00e1zak Magyarorsz\u00e1gi Egyes\u00fclete, Kom\u00e1rom, 149-164. o.<\/p>\n<p><a href=\"#_ftnref12\" name=\"_ftn12\">[12]<\/a> Az IKSZT c\u00edmet elnyert szervezetek jogosults\u00e1got nyertek az Eur\u00f3pai Mez\u0151gazdas\u00e1gi Vid\u00e9kfejleszt\u00e9si Alapb\u00f3l (EMVA) az integr\u00e1lt k\u00f6z\u00f6ss\u00e9gi \u00e9s szolg\u00e1ltat\u00f3 t\u00e9r kialak\u00edt\u00e1s\u00e1ra a 112\/2009. (VIII. 29.) FVM beruh\u00e1z\u00e1si jogc\u00edm rendelet keret\u00e9ben k\u00e9relmet beny\u00fajtani az IKSZT infrastruktur\u00e1lis felt\u00e9teleinek kialak\u00edt\u00e1sa, valamint m\u0171k\u00f6dtet\u00e9s\u00e9nek t\u00e1mogat\u00e1sa \u00e9rdek\u00e9ben, \u00f6sszesen 200 000 eur\u00f3nak megfelel\u0151 forint \u00f6sszegig. A 2009. \u00e9vi c\u00edmp\u00e1ly\u00e1zat [3] (a tov\u00e1bbiakban IKSZT rendelet) az IKSZT-ket m\u0171k\u00f6dtet\u0151 szervezetek sz\u00e1m\u00e1ra k\u00f6telez\u0151 \u00e9s opcion\u00e1lis feladatokat hat\u00e1rozott meg.<\/p>\n<p><a href=\"#_ftnref13\" name=\"_ftn13\">[13]<\/a> Dud\u00e1s Katalin (2016): <a href=\"http:\/\/www.kulturalisszemle.hu\/5-szam\/hazai-tudomanyos-muhely\/dudas-katalin-az-integralt-tobbfunkcios-szolgaltato-terek-ikszt-k-tevekenysege-2016-07-28\">Az integr\u00e1lt t\u00f6bbfunkci\u00f3s szolg\u00e1ltat\u00f3 terek \u2013 IKSZT-k \u2013 tev\u00e9kenys\u00e9ge<\/a>. Kultur\u00e1lis Szemle 2016. j\u00falius, NMI M\u0171vel\u0151d\u00e9si Int\u00e9zet Nkft.<\/p>\n<p><a href=\"#_ftnref14\" name=\"_ftn14\">[14]<\/a> Beke M\u00e1rton, Ditzendy K\u00e1roly Arisztid (2018): <a href=\"https:\/\/mek.oszk.hu\/07900\/07917\/07917.pdf\">Integr\u00e1lt szolg\u00e1ltat\u00f3 \u00e9s k\u00f6z\u00f6ss\u00e9gi terek \u2013 m\u00f3dszertani k\u00e9zik\u00f6nyv<\/a>. HROD, Budapest.<\/p>\n<p><a href=\"#_ftnref15\" name=\"_ftn15\">[15]<\/a> Dud\u00e1s Katalin (2016): <a href=\"http:\/\/www.kulturalisszemle.hu\/5-szam\/hazai-tudomanyos-muhely\/dudas-katalin-az-integralt-tobbfunkcios-szolgaltato-terek-ikszt-k-tevekenysege-2016-07-28\">Az integr\u00e1lt t\u00f6bbfunkci\u00f3s szolg\u00e1ltat\u00f3 terek \u2013 IKSZT-k \u2013 tev\u00e9kenys\u00e9ge<\/a>. Kultur\u00e1lis Szemle 2016. j\u00falius, NMI M\u0171vel\u0151d\u00e9si Int\u00e9zet Nkft.<\/p>\n<p><a href=\"#_ftnref16\" name=\"_ftn16\">[16]<\/a> Giczey P\u00e9ter (2012): A settlement mint szervez\u0151 k\u00f6zpont. In: V\u00e1logatott irodalmak, szakirodalmi \u00f6sszegz\u00e9sek a Peremhelyzet\u0171 \u00e9s kirekesztett csoportokkal v\u00e9gzett szoci\u00e1lis \u00e9s k\u00f6z\u00f6ss\u00e9gi munka c. k\u00e9pz\u00e9s II. r\u00e9sz\u00e9hez. 17-18. o.<\/p>\n<p><a href=\"#_ftnref17\" name=\"_ftn17\">[17]<\/a> Giczey P\u00e9ter (2015): <a href=\"http:\/\/www.kka.hu\/__062568cf006c1954.nsf\/0\/20323e5ed16d8656c1257f13005ac5db?OpenDocument&amp;Highlight=0,Napklub\">A settlementek es\u00e9lyei Magyarorsz\u00e1gon<\/a>. Parola 2015\/4<\/p>\n<p><a href=\"#_ftnref18\" name=\"_ftn18\">[18]<\/a> <a href=\"https:\/\/efop141.szgyf.gov.hu\/wp-content\/uploads\/2018\/01\/KESZ_Biztos_Kezdet_Gyerekhazak_Szervezeti_es_Szolgaltatasi_Modell.pdf\">A Biztos Kezdet Gyerekh\u00e1zak szolg\u00e1ltat\u00e1si \u00e9s szerkezeti modellje<\/a>, <a href=\"https:\/\/efop141.szgyf.gov.hu\/wp-content\/uploads\/2018\/01\/KESZ_Biztos_Kezdet_Gyerekhazak_Szervezeti_es_Szolgaltatasi_Modell.pdf\">2009<\/a>, BK, MATT<\/p>\n<p><a href=\"#_ftnref19\" name=\"_ftn19\">[19]<\/a> N\u00e9meth Szilvia (2018): MTA TK Gyerekes\u00e9ly M\u0171helytanulm\u00e1nyok 2018\/2. A <a href=\"https:\/\/gyerekesely.tk.mta.hu\/uploads\/files\/Heterogenitas_vizsgalat_BK_2018_honlap_veg_MM.pdf\">Biztos Kezdet Gyerekh\u00e1zak heterogenit\u00e1sa<\/a> (2018) Esettanulm\u00e1ny, T-TUDOK Tud\u00e1smenedzsment \u00e9s Oktat\u00e1skutat\u00e1si K\u00f6zpont Zrt. Kiad\u00f3: MTA T\u00e1rsadalomtudom\u00e1nyi Kutat\u00f3k\u00f6zpont, Budapest<\/p>\n<p><a href=\"#_ftnref20\" name=\"_ftn20\">[20]<\/a> Beke P\u00e1l: <a href=\"http:\/\/mek.oszk.hu\/09400\/09417\/\">Saj\u00e1t m\u0171vel\u0151d\u00e9si otthonunk<\/a>. Civil K\u00f6z\u00f6ss\u00e9gi H\u00e1zak Magyarorsz\u00e1gi Egyes\u00fclete 2010, Kom\u00e1rom<\/p>\n<p><a href=\"#_ftnref21\" name=\"_ftn21\">[21]<\/a> <a href=\"https:\/\/cskwiki.hu\/az-integralt-kozossegi-ter-es-kozossegi-szolgaltatasok-feladatai\/\">Az integr\u00e1lt k\u00f6z\u00f6ss\u00e9gi \u00e9s k\u00f6z\u00f6ss\u00e9gi szolg\u00e1ltat\u00e1sok feladatai<\/a><\/p>\n<p><a href=\"#_ftnref22\" name=\"_ftn22\">[22]<\/a> Beke P\u00e1l (2010): Francia minta hazai form\u00e1ban. Saj\u00e1t m\u0171vel\u0151d\u00e9si otthonunk. Civil K\u00f6z\u00f6ss\u00e9gi H\u00e1zak Magyarorsz\u00e1gi Egyes\u00fclete, Kom\u00e1rom. 15-21. o.<\/p>\n","protected":false},"excerpt":{"rendered":"<p>Mi t\u00f6rt\u00e9nt az elm\u00falt 30 \u00e9vben a k\u00f6z\u00f6ss\u00e9gi terek, azok fenntart\u00f3i \u00e9s \u00fczemeltet\u0151i k\u00f6r\u00e9ben?[1] A rendszerv\u00e1lt\u00e1st k\u00f6vet\u0151en milyen m\u00f3dszerek, ir\u00e1nyok form\u00e1l\u00f3dtak, melyek azok, amelyek gy\u00f6keret vertek, s mi\u00e9rt? Milyen eredm\u00e9nyek \u00e9s buktat\u00f3k jelentek meg az egyes mozgalmak h\u00e1za t\u00e1j\u00e1n? A kialak\u00edtott \u00e9s bevezetett strukt\u00far\u00e1kban milyen k\u00f6z\u00f6ss\u00e9gi, k\u00f6z\u00f6ss\u00e9gfejleszt\u0151i, demokratikus \u00faj\u00edt\u00e1sokat l\u00e1thattunk a helyi t\u00e1rsadalom bevon\u00e1s\u00e1ra? Az [&hellip;]<\/p>\n","protected":false},"author":31,"featured_media":1014,"comment_status":"open","ping_status":"open","sticky":false,"template":"","format":"standard","meta":{"_acf_changed":false,"footnotes":""},"categories":[24,8,7],"tags":[],"coauthors":[31],"class_list":["post-1006","post","type-post","status-publish","format-standard","has-post-thumbnail","hentry","category-parola-2019-3","category-parola-folyoirat","category-repertorium"],"acf":[],"yoast_head":"<!-- This site is optimized with the Yoast SEO plugin v26.7 - https:\/\/yoast.com\/wordpress\/plugins\/seo\/ -->\n<title>K\u00f6z \u2013 k\u00f6z\u00f6ss\u00e9g \u2013 k\u00f6z\u00f6ss\u00e9gi t\u00e9r - Parola Foly\u00f3irat<\/title>\n<meta name=\"robots\" content=\"index, follow, max-snippet:-1, max-image-preview:large, max-video-preview:-1\" \/>\n<link rel=\"canonical\" href=\"https:\/\/kofe.hu\/parola\/parola-folyoirat\/koz-kozosseg-kozossegi-ter\/\" \/>\n<meta property=\"og:locale\" content=\"hu_HU\" \/>\n<meta property=\"og:type\" content=\"article\" \/>\n<meta property=\"og:title\" content=\"K\u00f6z \u2013 k\u00f6z\u00f6ss\u00e9g \u2013 k\u00f6z\u00f6ss\u00e9gi t\u00e9r - Parola Foly\u00f3irat\" \/>\n<meta property=\"og:description\" content=\"Mi t\u00f6rt\u00e9nt az elm\u00falt 30 \u00e9vben a k\u00f6z\u00f6ss\u00e9gi terek, azok fenntart\u00f3i \u00e9s \u00fczemeltet\u0151i k\u00f6r\u00e9ben?[1] A rendszerv\u00e1lt\u00e1st k\u00f6vet\u0151en milyen m\u00f3dszerek, ir\u00e1nyok form\u00e1l\u00f3dtak, melyek azok, amelyek gy\u00f6keret vertek, s mi\u00e9rt? Milyen eredm\u00e9nyek \u00e9s buktat\u00f3k jelentek meg az egyes mozgalmak h\u00e1za t\u00e1j\u00e1n? A kialak\u00edtott \u00e9s bevezetett strukt\u00far\u00e1kban milyen k\u00f6z\u00f6ss\u00e9gi, k\u00f6z\u00f6ss\u00e9gfejleszt\u0151i, demokratikus \u00faj\u00edt\u00e1sokat l\u00e1thattunk a helyi t\u00e1rsadalom bevon\u00e1s\u00e1ra? Az [&hellip;]\" \/>\n<meta property=\"og:url\" content=\"https:\/\/kofe.hu\/parola\/parola-folyoirat\/koz-kozosseg-kozossegi-ter\/\" \/>\n<meta property=\"og:site_name\" content=\"Parola Foly\u00f3irat\" \/>\n<meta property=\"article:published_time\" content=\"2019-11-12T17:00:43+00:00\" \/>\n<meta property=\"article:modified_time\" content=\"2020-07-31T06:56:39+00:00\" \/>\n<meta property=\"og:image\" content=\"https:\/\/kofe.hu\/parola\/wp-content\/uploads\/2019\/11\/DSC_5414.jpg\" \/>\n\t<meta property=\"og:image:width\" content=\"2048\" \/>\n\t<meta property=\"og:image:height\" content=\"1375\" \/>\n\t<meta property=\"og:image:type\" content=\"image\/jpeg\" \/>\n<meta name=\"author\" content=\"Monostori \u00c9va\" \/>\n<meta name=\"twitter:card\" content=\"summary_large_image\" \/>\n<meta name=\"twitter:label1\" content=\"Szerz\u0151:\" \/>\n\t<meta name=\"twitter:data1\" content=\"Monostori \u00c9va\" \/>\n\t<meta name=\"twitter:label2\" content=\"Becs\u00fclt olvas\u00e1si id\u0151\" \/>\n\t<meta name=\"twitter:data2\" content=\"38 perc\" \/>\n\t<meta name=\"twitter:label3\" content=\"Written by\" \/>\n\t<meta name=\"twitter:data3\" content=\"Monostori \u00c9va\" \/>\n<script type=\"application\/ld+json\" class=\"yoast-schema-graph\">{\"@context\":\"https:\/\/schema.org\",\"@graph\":[{\"@type\":\"Article\",\"@id\":\"https:\/\/kofe.hu\/parola\/parola-folyoirat\/koz-kozosseg-kozossegi-ter\/#article\",\"isPartOf\":{\"@id\":\"https:\/\/kofe.hu\/parola\/parola-folyoirat\/koz-kozosseg-kozossegi-ter\/\"},\"author\":{\"name\":\"Monostori \u00c9va\",\"@id\":\"https:\/\/kofe.hu\/parola\/#\/schema\/person\/eaabb7b8b3a0751a235e21bfd7dd359b\"},\"headline\":\"K\u00f6z \u2013 k\u00f6z\u00f6ss\u00e9g \u2013 k\u00f6z\u00f6ss\u00e9gi t\u00e9r\",\"datePublished\":\"2019-11-12T17:00:43+00:00\",\"dateModified\":\"2020-07-31T06:56:39+00:00\",\"mainEntityOfPage\":{\"@id\":\"https:\/\/kofe.hu\/parola\/parola-folyoirat\/koz-kozosseg-kozossegi-ter\/\"},\"wordCount\":7615,\"commentCount\":0,\"image\":{\"@id\":\"https:\/\/kofe.hu\/parola\/parola-folyoirat\/koz-kozosseg-kozossegi-ter\/#primaryimage\"},\"thumbnailUrl\":\"https:\/\/kofe.hu\/parola\/wp-content\/uploads\/2019\/11\/DSC_5414.jpg\",\"articleSection\":[\"Parola 2019\/3\",\"Parola Foly\u00f3irat\",\"Repert\u00f3rium\"],\"inLanguage\":\"hu\",\"potentialAction\":[{\"@type\":\"CommentAction\",\"name\":\"Comment\",\"target\":[\"https:\/\/kofe.hu\/parola\/parola-folyoirat\/koz-kozosseg-kozossegi-ter\/#respond\"]}]},{\"@type\":\"WebPage\",\"@id\":\"https:\/\/kofe.hu\/parola\/parola-folyoirat\/koz-kozosseg-kozossegi-ter\/\",\"url\":\"https:\/\/kofe.hu\/parola\/parola-folyoirat\/koz-kozosseg-kozossegi-ter\/\",\"name\":\"K\u00f6z \u2013 k\u00f6z\u00f6ss\u00e9g \u2013 k\u00f6z\u00f6ss\u00e9gi t\u00e9r - Parola Foly\u00f3irat\",\"isPartOf\":{\"@id\":\"https:\/\/kofe.hu\/parola\/#website\"},\"primaryImageOfPage\":{\"@id\":\"https:\/\/kofe.hu\/parola\/parola-folyoirat\/koz-kozosseg-kozossegi-ter\/#primaryimage\"},\"image\":{\"@id\":\"https:\/\/kofe.hu\/parola\/parola-folyoirat\/koz-kozosseg-kozossegi-ter\/#primaryimage\"},\"thumbnailUrl\":\"https:\/\/kofe.hu\/parola\/wp-content\/uploads\/2019\/11\/DSC_5414.jpg\",\"datePublished\":\"2019-11-12T17:00:43+00:00\",\"dateModified\":\"2020-07-31T06:56:39+00:00\",\"author\":{\"@id\":\"https:\/\/kofe.hu\/parola\/#\/schema\/person\/eaabb7b8b3a0751a235e21bfd7dd359b\"},\"breadcrumb\":{\"@id\":\"https:\/\/kofe.hu\/parola\/parola-folyoirat\/koz-kozosseg-kozossegi-ter\/#breadcrumb\"},\"inLanguage\":\"hu\",\"potentialAction\":[{\"@type\":\"ReadAction\",\"target\":[\"https:\/\/kofe.hu\/parola\/parola-folyoirat\/koz-kozosseg-kozossegi-ter\/\"]}]},{\"@type\":\"ImageObject\",\"inLanguage\":\"hu\",\"@id\":\"https:\/\/kofe.hu\/parola\/parola-folyoirat\/koz-kozosseg-kozossegi-ter\/#primaryimage\",\"url\":\"https:\/\/kofe.hu\/parola\/wp-content\/uploads\/2019\/11\/DSC_5414.jpg\",\"contentUrl\":\"https:\/\/kofe.hu\/parola\/wp-content\/uploads\/2019\/11\/DSC_5414.jpg\",\"width\":2048,\"height\":1375},{\"@type\":\"BreadcrumbList\",\"@id\":\"https:\/\/kofe.hu\/parola\/parola-folyoirat\/koz-kozosseg-kozossegi-ter\/#breadcrumb\",\"itemListElement\":[{\"@type\":\"ListItem\",\"position\":1,\"name\":\"Home\",\"item\":\"https:\/\/kofe.hu\/parola\/\"},{\"@type\":\"ListItem\",\"position\":2,\"name\":\"K\u00f6z \u2013 k\u00f6z\u00f6ss\u00e9g \u2013 k\u00f6z\u00f6ss\u00e9gi t\u00e9r\"}]},{\"@type\":\"WebSite\",\"@id\":\"https:\/\/kofe.hu\/parola\/#website\",\"url\":\"https:\/\/kofe.hu\/parola\/\",\"name\":\"Parola Foly\u00f3irat\",\"description\":\"\",\"potentialAction\":[{\"@type\":\"SearchAction\",\"target\":{\"@type\":\"EntryPoint\",\"urlTemplate\":\"https:\/\/kofe.hu\/parola\/?s={search_term_string}\"},\"query-input\":{\"@type\":\"PropertyValueSpecification\",\"valueRequired\":true,\"valueName\":\"search_term_string\"}}],\"inLanguage\":\"hu\"},{\"@type\":\"Person\",\"@id\":\"https:\/\/kofe.hu\/parola\/#\/schema\/person\/eaabb7b8b3a0751a235e21bfd7dd359b\",\"name\":\"Monostori \u00c9va\",\"image\":{\"@type\":\"ImageObject\",\"inLanguage\":\"hu\",\"@id\":\"https:\/\/kofe.hu\/parola\/#\/schema\/person\/image\/7dbb3d770309cfcc181fdfac2e661cb4\",\"url\":\"https:\/\/secure.gravatar.com\/avatar\/d88e82939495c5964decd1e49dddc4754099bff7619f3586e179697f478923da?s=96&d=mm&r=g\",\"contentUrl\":\"https:\/\/secure.gravatar.com\/avatar\/d88e82939495c5964decd1e49dddc4754099bff7619f3586e179697f478923da?s=96&d=mm&r=g\",\"caption\":\"Monostori \u00c9va\"},\"sameAs\":[\"https:\/\/mag-haz.eu\/\"],\"url\":\"https:\/\/kofe.hu\/parola\/szerzok\/monostori-eva\/\"}]}<\/script>\n<!-- \/ Yoast SEO plugin. -->","yoast_head_json":{"title":"K\u00f6z \u2013 k\u00f6z\u00f6ss\u00e9g \u2013 k\u00f6z\u00f6ss\u00e9gi t\u00e9r - Parola Foly\u00f3irat","robots":{"index":"index","follow":"follow","max-snippet":"max-snippet:-1","max-image-preview":"max-image-preview:large","max-video-preview":"max-video-preview:-1"},"canonical":"https:\/\/kofe.hu\/parola\/parola-folyoirat\/koz-kozosseg-kozossegi-ter\/","og_locale":"hu_HU","og_type":"article","og_title":"K\u00f6z \u2013 k\u00f6z\u00f6ss\u00e9g \u2013 k\u00f6z\u00f6ss\u00e9gi t\u00e9r - Parola Foly\u00f3irat","og_description":"Mi t\u00f6rt\u00e9nt az elm\u00falt 30 \u00e9vben a k\u00f6z\u00f6ss\u00e9gi terek, azok fenntart\u00f3i \u00e9s \u00fczemeltet\u0151i k\u00f6r\u00e9ben?[1] A rendszerv\u00e1lt\u00e1st k\u00f6vet\u0151en milyen m\u00f3dszerek, ir\u00e1nyok form\u00e1l\u00f3dtak, melyek azok, amelyek gy\u00f6keret vertek, s mi\u00e9rt? Milyen eredm\u00e9nyek \u00e9s buktat\u00f3k jelentek meg az egyes mozgalmak h\u00e1za t\u00e1j\u00e1n? A kialak\u00edtott \u00e9s bevezetett strukt\u00far\u00e1kban milyen k\u00f6z\u00f6ss\u00e9gi, k\u00f6z\u00f6ss\u00e9gfejleszt\u0151i, demokratikus \u00faj\u00edt\u00e1sokat l\u00e1thattunk a helyi t\u00e1rsadalom bevon\u00e1s\u00e1ra? Az [&hellip;]","og_url":"https:\/\/kofe.hu\/parola\/parola-folyoirat\/koz-kozosseg-kozossegi-ter\/","og_site_name":"Parola Foly\u00f3irat","article_published_time":"2019-11-12T17:00:43+00:00","article_modified_time":"2020-07-31T06:56:39+00:00","og_image":[{"width":2048,"height":1375,"url":"https:\/\/kofe.hu\/parola\/wp-content\/uploads\/2019\/11\/DSC_5414.jpg","type":"image\/jpeg"}],"author":"Monostori \u00c9va","twitter_card":"summary_large_image","twitter_misc":{"Szerz\u0151:":"Monostori \u00c9va","Becs\u00fclt olvas\u00e1si id\u0151":"38 perc","Written by":"Monostori \u00c9va"},"schema":{"@context":"https:\/\/schema.org","@graph":[{"@type":"Article","@id":"https:\/\/kofe.hu\/parola\/parola-folyoirat\/koz-kozosseg-kozossegi-ter\/#article","isPartOf":{"@id":"https:\/\/kofe.hu\/parola\/parola-folyoirat\/koz-kozosseg-kozossegi-ter\/"},"author":{"name":"Monostori \u00c9va","@id":"https:\/\/kofe.hu\/parola\/#\/schema\/person\/eaabb7b8b3a0751a235e21bfd7dd359b"},"headline":"K\u00f6z \u2013 k\u00f6z\u00f6ss\u00e9g \u2013 k\u00f6z\u00f6ss\u00e9gi t\u00e9r","datePublished":"2019-11-12T17:00:43+00:00","dateModified":"2020-07-31T06:56:39+00:00","mainEntityOfPage":{"@id":"https:\/\/kofe.hu\/parola\/parola-folyoirat\/koz-kozosseg-kozossegi-ter\/"},"wordCount":7615,"commentCount":0,"image":{"@id":"https:\/\/kofe.hu\/parola\/parola-folyoirat\/koz-kozosseg-kozossegi-ter\/#primaryimage"},"thumbnailUrl":"https:\/\/kofe.hu\/parola\/wp-content\/uploads\/2019\/11\/DSC_5414.jpg","articleSection":["Parola 2019\/3","Parola Foly\u00f3irat","Repert\u00f3rium"],"inLanguage":"hu","potentialAction":[{"@type":"CommentAction","name":"Comment","target":["https:\/\/kofe.hu\/parola\/parola-folyoirat\/koz-kozosseg-kozossegi-ter\/#respond"]}]},{"@type":"WebPage","@id":"https:\/\/kofe.hu\/parola\/parola-folyoirat\/koz-kozosseg-kozossegi-ter\/","url":"https:\/\/kofe.hu\/parola\/parola-folyoirat\/koz-kozosseg-kozossegi-ter\/","name":"K\u00f6z \u2013 k\u00f6z\u00f6ss\u00e9g \u2013 k\u00f6z\u00f6ss\u00e9gi t\u00e9r - Parola Foly\u00f3irat","isPartOf":{"@id":"https:\/\/kofe.hu\/parola\/#website"},"primaryImageOfPage":{"@id":"https:\/\/kofe.hu\/parola\/parola-folyoirat\/koz-kozosseg-kozossegi-ter\/#primaryimage"},"image":{"@id":"https:\/\/kofe.hu\/parola\/parola-folyoirat\/koz-kozosseg-kozossegi-ter\/#primaryimage"},"thumbnailUrl":"https:\/\/kofe.hu\/parola\/wp-content\/uploads\/2019\/11\/DSC_5414.jpg","datePublished":"2019-11-12T17:00:43+00:00","dateModified":"2020-07-31T06:56:39+00:00","author":{"@id":"https:\/\/kofe.hu\/parola\/#\/schema\/person\/eaabb7b8b3a0751a235e21bfd7dd359b"},"breadcrumb":{"@id":"https:\/\/kofe.hu\/parola\/parola-folyoirat\/koz-kozosseg-kozossegi-ter\/#breadcrumb"},"inLanguage":"hu","potentialAction":[{"@type":"ReadAction","target":["https:\/\/kofe.hu\/parola\/parola-folyoirat\/koz-kozosseg-kozossegi-ter\/"]}]},{"@type":"ImageObject","inLanguage":"hu","@id":"https:\/\/kofe.hu\/parola\/parola-folyoirat\/koz-kozosseg-kozossegi-ter\/#primaryimage","url":"https:\/\/kofe.hu\/parola\/wp-content\/uploads\/2019\/11\/DSC_5414.jpg","contentUrl":"https:\/\/kofe.hu\/parola\/wp-content\/uploads\/2019\/11\/DSC_5414.jpg","width":2048,"height":1375},{"@type":"BreadcrumbList","@id":"https:\/\/kofe.hu\/parola\/parola-folyoirat\/koz-kozosseg-kozossegi-ter\/#breadcrumb","itemListElement":[{"@type":"ListItem","position":1,"name":"Home","item":"https:\/\/kofe.hu\/parola\/"},{"@type":"ListItem","position":2,"name":"K\u00f6z \u2013 k\u00f6z\u00f6ss\u00e9g \u2013 k\u00f6z\u00f6ss\u00e9gi t\u00e9r"}]},{"@type":"WebSite","@id":"https:\/\/kofe.hu\/parola\/#website","url":"https:\/\/kofe.hu\/parola\/","name":"Parola Foly\u00f3irat","description":"","potentialAction":[{"@type":"SearchAction","target":{"@type":"EntryPoint","urlTemplate":"https:\/\/kofe.hu\/parola\/?s={search_term_string}"},"query-input":{"@type":"PropertyValueSpecification","valueRequired":true,"valueName":"search_term_string"}}],"inLanguage":"hu"},{"@type":"Person","@id":"https:\/\/kofe.hu\/parola\/#\/schema\/person\/eaabb7b8b3a0751a235e21bfd7dd359b","name":"Monostori \u00c9va","image":{"@type":"ImageObject","inLanguage":"hu","@id":"https:\/\/kofe.hu\/parola\/#\/schema\/person\/image\/7dbb3d770309cfcc181fdfac2e661cb4","url":"https:\/\/secure.gravatar.com\/avatar\/d88e82939495c5964decd1e49dddc4754099bff7619f3586e179697f478923da?s=96&d=mm&r=g","contentUrl":"https:\/\/secure.gravatar.com\/avatar\/d88e82939495c5964decd1e49dddc4754099bff7619f3586e179697f478923da?s=96&d=mm&r=g","caption":"Monostori \u00c9va"},"sameAs":["https:\/\/mag-haz.eu\/"],"url":"https:\/\/kofe.hu\/parola\/szerzok\/monostori-eva\/"}]}},"_links":{"self":[{"href":"https:\/\/kofe.hu\/parola\/wp-json\/wp\/v2\/posts\/1006","targetHints":{"allow":["GET"]}}],"collection":[{"href":"https:\/\/kofe.hu\/parola\/wp-json\/wp\/v2\/posts"}],"about":[{"href":"https:\/\/kofe.hu\/parola\/wp-json\/wp\/v2\/types\/post"}],"author":[{"embeddable":true,"href":"https:\/\/kofe.hu\/parola\/wp-json\/wp\/v2\/users\/31"}],"replies":[{"embeddable":true,"href":"https:\/\/kofe.hu\/parola\/wp-json\/wp\/v2\/comments?post=1006"}],"version-history":[{"count":4,"href":"https:\/\/kofe.hu\/parola\/wp-json\/wp\/v2\/posts\/1006\/revisions"}],"predecessor-version":[{"id":1020,"href":"https:\/\/kofe.hu\/parola\/wp-json\/wp\/v2\/posts\/1006\/revisions\/1020"}],"wp:featuredmedia":[{"embeddable":true,"href":"https:\/\/kofe.hu\/parola\/wp-json\/wp\/v2\/media\/1014"}],"wp:attachment":[{"href":"https:\/\/kofe.hu\/parola\/wp-json\/wp\/v2\/media?parent=1006"}],"wp:term":[{"taxonomy":"category","embeddable":true,"href":"https:\/\/kofe.hu\/parola\/wp-json\/wp\/v2\/categories?post=1006"},{"taxonomy":"post_tag","embeddable":true,"href":"https:\/\/kofe.hu\/parola\/wp-json\/wp\/v2\/tags?post=1006"},{"taxonomy":"author","embeddable":true,"href":"https:\/\/kofe.hu\/parola\/wp-json\/wp\/v2\/coauthors?post=1006"}],"curies":[{"name":"wp","href":"https:\/\/api.w.org\/{rel}","templated":true}]}}